{"id":1968,"date":"2024-05-16T08:25:00","date_gmt":"2024-05-16T06:25:00","guid":{"rendered":"https:\/\/ideance.net\/blog\/?p=1968"},"modified":"2024-05-16T23:29:31","modified_gmt":"2024-05-16T21:29:31","slug":"complexites-accessibilite-numerique","status":"publish","type":"post","link":"https:\/\/ideance.net\/blog\/en\/1968\/complexites-accessibilite-numerique\/","title":{"rendered":"Les complexit\u00e9s de l&rsquo;accessibilit\u00e9 num\u00e9rique &#8211; GAAD 2024"},"content":{"rendered":"<p class=\"ice-block\">Dans le cadre de la journ\u00e9e mondiale de sensibilisation \u00e0 l&rsquo;accessibilit\u00e9 de 2024 (<a lang=\"en\" hreflang=\"en\" href=\"https:\/\/accessibility.day\">Global Accessibility Awareness Day<\/a>), des membres de l&rsquo;\u00e9quipe d&rsquo;Ideance ont r\u00e9pondu \u00e0 une question sur l&rsquo;accessibilit\u00e9 num\u00e9rique et le m\u00e9tier de consultant et consultante en accessibilit\u00e9. <a href=\"https:\/\/ideance.net\/blog\/en\/2117\/serie-de-podcasts-autour-de-laccessibilite-numerique-pour-la-gaad\/\" data-type=\"link\" data-id=\"https:\/\/ideance.net\/blog\/2117\/serie-de-podcasts-autour-de-laccessibilite-numerique-pour-la-gaad\/\">Retrouvez l&rsquo;ensemble des podcasts sur le billet de blog d\u00e9di\u00e9<\/a>.<\/p>\n\n\n\n<p>D\u00e9couvrez la question\/r\u00e9ponse de Steven au format audio, suivie de sa transcription textuelle.<\/p>\n\n\n\n<h2 class=\"wp-block-heading\">Podcast<\/h2>\n\n\n\n<figure class=\"wp-block-audio\"><audio controls src=\"https:\/\/ideance.net\/blog\/wp-content\/uploads\/2024\/04\/Steven-Mouret_normalized.mp3\"><\/audio><\/figure>\n\n\n\n<h2 class=\"wp-block-heading\">Transcription textuelle<\/h2>\n\n\n\n<p>Bonjour et bienvenue sur ce podcast sur l\u2019accessibilit\u00e9 num\u00e9rique qui est r\u00e9alis\u00e9 dans le cadre de la journ\u00e9e mondiale de sensibilisation \u00e0 l\u2019accessibilit\u00e9, la GAAD.<\/p>\n\n\n\n<p>Je m\u2019appelle Steven Mouret et je suis consultant, expert en accessibilit\u00e9 num\u00e9rique chez Ideance.<\/p>\n\n\n\n<p>Aujourd\u2019hui je vais vous exposer mon point de vue sur quelques complexit\u00e9s de l\u2019accessibilit\u00e9 num\u00e9rique. Nous allons voir ensemble que s\u2019il existe bel et bien des complexit\u00e9s, des solutions permettent de les surmonter.<\/p>\n\n\n\n<p>C\u2019est une question que l\u2019on ne se pose peut-\u00eatre pas lorsque le sujet n\u2019a pas encore \u00e9t\u00e9 abord\u00e9 au sein d\u2019une entreprise ou d\u2019un organisme. Pourtant lorsque l\u2019on commence \u00e0 travailler sur l\u2019accessibilit\u00e9 num\u00e9rique, le domaine peut para\u00eetre compliqu\u00e9 et on ne sait pas toujours par ou commencer.<\/p>\n\n\n\n<p>Je pense qu\u2019une des premi\u00e8res complexit\u00e9s de l\u2019accessibilit\u00e9 num\u00e9rique, est que ce domaine est encore trop peu connu et maitris\u00e9. Il est malheureusement encore aujourd\u2019hui en 2024, 19 ans apr\u00e8s la loi pour l\u2019\u00e9galit\u00e9 des droits et des chances, la participation et la citoyennet\u00e9 des personnes handicap\u00e9es peu enseign\u00e9 \u00e0 l\u2019\u00e9cole. Quand il devient n\u00e9cessaire de mettre en \u0153uvre l\u2019accessibilit\u00e9 dans un organisme, peu de personnes ne savent par ou commencer.<\/p>\n\n\n\n<p>La m\u00e9connaissance du sujet fait que bien souvent, l\u2019accessibilit\u00e9 est v\u00e9cue comme une contrainte, alors qu\u2019au contraire c\u2019est une \u00e9norme opportunit\u00e9 pour les personnes handicap\u00e9es.<br>Comprendre le handicap, les personnes concern\u00e9es et l\u2019accessibilit\u00e9 en g\u00e9n\u00e9rale permet de mieux aborder le sujet. \u00catre bien sensibiliser \u00e0 l\u2019accessibilit\u00e9 num\u00e9rique et \u00e0 mon avis le meilleur point de d\u00e9part et je le constate r\u00e9guli\u00e8rement. Les personnes que j\u2019ai pu sensibiliser lors de formations deviennent souvent des ambassadeurs de l\u2019accessibilit\u00e9 au sein de leurs organismes et sont les premiers \u00e0 porter le sujet et sensibiliser leurs coll\u00e8gues.<\/p>\n\n\n\n<p>Une autre grande complexit\u00e9 r\u00e9side dans le fait que l\u2019accessibilit\u00e9 num\u00e9rique est un domaine transverse sur presque l\u2019ensemble des m\u00e9tiers du num\u00e9rique.<br>Par exemple dans un projet Web, il va \u00eatre n\u00e9cessaire de penser l\u2019accessibilit\u00e9 d\u00e8s la conception du projet. L\u2019accessibilit\u00e9 aura une incidence sur les aspects graphiques mais \u00e9galement sur les d\u00e9veloppements.<\/p>\n\n\n\n<p>Les \u00e9quipes de conception ainsi que les \u00e9quipes de d\u00e9veloppement devront maitriser le sujet et bien souvent travailler de concert. Les \u00e9quipes de contribution devront \u00e9galement connaitre l\u2019accessibilit\u00e9.<\/p>\n\n\n\n<p>Si vous pensez qu\u2019\u00e0 ce niveau vous en avez fini sur le sujet, d\u00e9trompez vous. La maintenance du service demandera \u00e9galement une attention particuli\u00e8re \u00e0 l\u2019accessibilit\u00e9 num\u00e9rique. Que ce soit de nouveaux contenus ou de nouvelles fonctionnalit\u00e9s, les intervenants et intervenantes internes ou externes ne devront pas oublier la mise en \u0153uvre de l\u2019accessibilit\u00e9.<\/p>\n\n\n\n<p>Afin d\u2019\u00eatre certain que tout ce petit monde puisse int\u00e9grer l\u2019accessibilit\u00e9 dans les diff\u00e9rentes phases d\u2019un projet, deux \u00e9l\u00e9ments cl\u00e9s sont \u00e0 mon avis tr\u00e8s importants \u00e0 mettre en place.<\/p>\n\n\n\n<p>Il me parait essentiel que le sujet soit port\u00e9 par la direction \u00e0 travers une ou plusieurs personnes r\u00e9f\u00e9rentes suivant la taille de l\u2019organisme.<br>Leurs r\u00f4les seront d\u2019\u00e9tablir entre autres une strat\u00e9gie de mise en \u0153uvre de l\u2019accessibilit\u00e9 num\u00e9rique, de sensibiliser en interne, de planifier des actions, de faire un \u00e9tat des lieux, de contr\u00f4ler ou faire contr\u00f4ler et de s\u2019assurer que les \u00e9quipes sont form\u00e9es \u00e0 l\u2019accessibilit\u00e9.<\/p>\n\n\n\n<p>Ce dernier point, la formation, me para\u00eet \u00e9galement crucial. Il sera tr\u00e8s complexe et \u00e0 mon avis impossible de mettre en \u0153uvre l\u2019accessibilit\u00e9 num\u00e9rique correctement si les personnes qui interviennent tout au long du projet ne maitrisent pas le sujet. La formation est un \u00e9l\u00e9ment cl\u00e9 qu\u2019il est n\u00e9cessaire de mettre en place tr\u00e8s rapidement lors d\u2019une strat\u00e9gie de mise en accessibilit\u00e9.<br>Contrairement aux id\u00e9es re\u00e7ues, les formations en accessibilit\u00e9 num\u00e9rique ne sont pas tr\u00e8s longues. Par exemple il est tout \u00e0 fait possible en 3 jours environ de former des \u00e9quipes de d\u00e9veloppement.<\/p>\n\n\n\n<p>Comme dans tous les m\u00e9tiers, l\u2019accessibilit\u00e9 num\u00e9rique a des aspects complexes cependant comme nous venons de le voir ces complexit\u00e9s ne sont pas insurmontables et gr\u00e2ce entre autres a un bon pilotage, une bonne organisation et de la formation, il est tout \u00e0 fait possible de fournir des services num\u00e9riques accessibles.<\/p>\n\n\n\n<p>Merci d&rsquo;avoir \u00e9cout\u00e9 ce podcast.<\/p>","protected":false},"excerpt":{"rendered":"<p>Dans le cadre de la journ\u00e9e mondiale de sensibilisation \u00e0 l&rsquo;accessibilit\u00e9 de 2024 (Global Accessibility Awareness Day), des membres de l&rsquo;\u00e9quipe d&rsquo;Ideance ont r\u00e9pondu \u00e0 une question sur l&rsquo;accessibilit\u00e9 num\u00e9rique et le m\u00e9tier de consultant et consultante en accessibilit\u00e9. Retrouvez l&rsquo;ensemble des podcasts sur le billet de blog d\u00e9di\u00e9. D\u00e9couvrez la question\/r\u00e9ponse de Steven au&hellip;<\/p>","protected":false},"author":5,"featured_media":1909,"comment_status":"open","ping_status":"open","sticky":false,"template":"","format":"standard","meta":{"_acf_changed":false,"footnotes":""},"categories":[25,12],"tags":[],"class_list":["post-1968","post","type-post","status-publish","format-standard","has-post-thumbnail","hentry","category-gaad","category-sensibilisation"],"acf":[],"_links":{"self":[{"href":"https:\/\/ideance.net\/blog\/en\/wp-json\/wp\/v2\/posts\/1968","targetHints":{"allow":["GET"]}}],"collection":[{"href":"https:\/\/ideance.net\/blog\/en\/wp-json\/wp\/v2\/posts"}],"about":[{"href":"https:\/\/ideance.net\/blog\/en\/wp-json\/wp\/v2\/types\/post"}],"author":[{"embeddable":true,"href":"https:\/\/ideance.net\/blog\/en\/wp-json\/wp\/v2\/users\/5"}],"replies":[{"embeddable":true,"href":"https:\/\/ideance.net\/blog\/en\/wp-json\/wp\/v2\/comments?post=1968"}],"version-history":[{"count":6,"href":"https:\/\/ideance.net\/blog\/en\/wp-json\/wp\/v2\/posts\/1968\/revisions"}],"predecessor-version":[{"id":2254,"href":"https:\/\/ideance.net\/blog\/en\/wp-json\/wp\/v2\/posts\/1968\/revisions\/2254"}],"wp:featuredmedia":[{"embeddable":true,"href":"https:\/\/ideance.net\/blog\/en\/wp-json\/wp\/v2\/media\/1909"}],"wp:attachment":[{"href":"https:\/\/ideance.net\/blog\/en\/wp-json\/wp\/v2\/media?parent=1968"}],"wp:term":[{"taxonomy":"category","embeddable":true,"href":"https:\/\/ideance.net\/blog\/en\/wp-json\/wp\/v2\/categories?post=1968"},{"taxonomy":"post_tag","embeddable":true,"href":"https:\/\/ideance.net\/blog\/en\/wp-json\/wp\/v2\/tags?post=1968"}],"curies":[{"name":"wp","href":"https:\/\/api.w.org\/{rel}","templated":true}]}}