{"id":1972,"date":"2024-05-16T08:25:00","date_gmt":"2024-05-16T06:25:00","guid":{"rendered":"https:\/\/ideance.net\/blog\/?p=1972"},"modified":"2025-07-31T11:42:28","modified_gmt":"2025-07-31T09:42:28","slug":"en-quoi-consiste-travail-consultante-experte-accessibilite-numerique","status":"publish","type":"post","link":"https:\/\/ideance.net\/blog\/en\/1972\/en-quoi-consiste-travail-consultante-experte-accessibilite-numerique\/","title":{"rendered":"En quoi consiste votre travail au quotidien en tant que consultante experte en accessibilit\u00e9 num\u00e9rique ? &#8211; GAAD 2024"},"content":{"rendered":"<p class=\"ice-block\">Dans le cadre de la journ\u00e9e mondiale de sensibilisation \u00e0 l\u2019accessibilit\u00e9 de 2024 (<a lang=\"en\" href=\"https:\/\/accessibility.day\">Global Accessibility Awareness Day<\/a>), des membres de l\u2019\u00e9quipe d\u2019Ideance ont r\u00e9pondu \u00e0 une question sur l\u2019accessibilit\u00e9 num\u00e9rique et le m\u00e9tier de consultant et consultante en accessibilit\u00e9. <a href=\"https:\/\/ideance.net\/blog\/en\/2117\/serie-de-podcasts-autour-de-laccessibilite-numerique-pour-la-gaad\/\" data-type=\"link\" data-id=\"https:\/\/ideance.net\/blog\/2117\/serie-de-podcasts-autour-de-laccessibilite-numerique-pour-la-gaad\/\">Retrouvez l\u2019ensemble des podcasts sur le billet de blog d\u00e9di\u00e9.<\/a><\/p>\n\n\n\n<p>D\u00e9couvrez la question\/r\u00e9ponse d\u2019\u00c9lisa au format audio, suivie de sa transcription textuelle.<\/p>\n\n\n\n<h2 class=\"wp-block-heading\" id=\"ice-post-title-0\">Podcast<\/h2>\n\n\n\n<figure class=\"wp-block-audio\"><audio controls src=\"https:\/\/ideance.net\/blog\/wp-content\/uploads\/2024\/04\/Elisa-Greder_normalized-1.mp3\"><\/audio><\/figure>\n\n\n\n<p><audio src=\"https:\/\/ideance.net\/blog\/wp-content\/uploads\/2024\/04\/Adeline-Lamiaux.mp3\"><\/audio><\/p>\n\n\n\n<h2 class=\"wp-block-heading\" id=\"ice-post-title-1\">Transcription textuelle<\/h2>\n\n\n\n<p>Bonjour et bienvenue, <br>dans ce podcast d\u00e9di\u00e9 \u00e0 l&rsquo;accessibilit\u00e9 num\u00e9rique.<\/p>\n\n\n\n<p>Je m\u2019appelle \u00c9lisa Greder, <br>et je suis consultante experte en accessibilit\u00e9 num\u00e9rique depuis 2 ans.<\/p>\n\n\n\n<p class=\"ice-block is-chapo\">Aujourd\u2019hui je vais r\u00e9pondre tr\u00e8s simplement \u00e0 cette question : <br>En quoi consiste votre travail au quotidien en tant que consultante experte en accessibilit\u00e9 num\u00e9rique ?<\/p>\n\n\n\n<p>Tout d&rsquo;abord, qu&rsquo;est-ce que l&rsquo;accessibilit\u00e9 num\u00e9rique ?<br>Il s&rsquo;agit de rendre les produits et services num\u00e9riques accessibles aux personnes en situation de handicap.<\/p>\n\n\n\n<p>Mon r\u00f4le en tant que consultante et experte dans le domaine <br>est d&rsquo;<strong>aider les entreprises<\/strong> \u00e0 atteindre cet objectif.<\/p>\n\n\n\n<p>Mon travail commence souvent par des <strong>audits d&rsquo;accessibilit\u00e9<\/strong>.<\/p>\n\n\n\n<p>Cela implique d&rsquo;\u00e9valuer :<\/p>\n\n\n\n<ul class=\"wp-block-list\">\n<li>les applications mobiles<\/li>\n\n\n\n<li>les sites web<\/li>\n\n\n\n<li>ou encore les documents bureautiques<\/li>\n<\/ul>\n\n\n\n<p>pour identifier les obstacles \u00e0 l&rsquo;accessibilit\u00e9.<\/p>\n\n\n\n<p>Je passe en revue :<\/p>\n\n\n\n<ul class=\"wp-block-list\">\n<li>les designs<\/li>\n\n\n\n<li>les contenus web<\/li>\n\n\n\n<li>le d\u00e9veloppement<\/li>\n\n\n\n<li>et je teste les fonctionnalit\u00e9s avec des technologies d&rsquo;assistances, <br>tel qu\u2019un lecteur d&rsquo;\u00e9cran.<\/li>\n<\/ul>\n\n\n\n<p>Une fois les probl\u00e8mes identifi\u00e9s, <br>je travaille avec les \u00e9quipes concern\u00e9es pour les r\u00e9soudre.<\/p>\n\n\n\n<p>Cela peut impliquer de <strong>proposer des changements<\/strong> :<\/p>\n\n\n\n<ul class=\"wp-block-list\">\n<li>dans le code<\/li>\n\n\n\n<li>des ajustements de design<\/li>\n\n\n\n<li>ou m\u00eame des formations pour sensibiliser les \u00e9quipes <br>au concept d&rsquo;accessibilit\u00e9 et aux pratiques \u00e0 adopter<\/li>\n<\/ul>\n\n\n\n<p>Un aspect important de mon travail est \u00e9galement <br>de <strong>sensibiliser <\/strong>les clients et de<strong> former <\/strong>les parties prenantes <br>\u00e0 l&rsquo;importance de l&rsquo;accessibilit\u00e9 num\u00e9rique et de ses standards.<\/p>\n\n\n\n<p>En r\u00e9sum\u00e9, mon travail quotidien en tant que <br>consultante experte en accessibilit\u00e9 num\u00e9rique consiste \u00e0 :<\/p>\n\n\n\n<ul class=\"wp-block-list\">\n<li>auditer<\/li>\n\n\n\n<li>conseiller<\/li>\n\n\n\n<li>sensibiliser<\/li>\n\n\n\n<li>et former<\/li>\n<\/ul>\n\n\n\n<p>les entreprises sur l&rsquo;importance de rendre leurs services accessibles <br>et aussi de <strong>respecter la loi du 11 f\u00e9vrier 2005 <\/strong>pour l\u2019\u00e9galit\u00e9 des droits et des chances, <br>la participation et la citoyennet\u00e9 des personnes handicap\u00e9es.<\/p>\n\n\n\n<p>C&rsquo;est un d\u00e9fi passionnant et gratifiant, <br>car chaque am\u00e9lioration que nous apportons <br>peut <strong>avoir un impact significatif sur la vie quotidienne des personnes handicap\u00e9es.<\/strong><\/p>\n\n\n\n<p>Merci d&rsquo;avoir \u00e9cout\u00e9 ce podcast.<\/p>\n\n\n\n<p>Si vous avez des questions ou si vous souhaitez en savoir plus sur l&rsquo;accessibilit\u00e9 num\u00e9rique, <br>n&rsquo;h\u00e9sitez pas \u00e0 nous contacter ou \u00e0 nous suivre sur les r\u00e9seaux sociaux <br>pour \u00eatre au courant des actualit\u00e9s et de la veille dans le domaine de l\u2019accessibilit\u00e9 num\u00e9rique.<\/p>\n\n\n\n<p>\u00c0 bient\u00f4t !<\/p>","protected":false},"excerpt":{"rendered":"<p>C&rsquo;est un d\u00e9fi passionnant et gratifiant, car chaque am\u00e9lioration que nous apportons peut avoir un impact significatif sur la vie quotidienne des personnes handicap\u00e9es.<\/p>","protected":false},"author":6,"featured_media":1909,"comment_status":"open","ping_status":"open","sticky":false,"template":"","format":"standard","meta":{"_acf_changed":false,"footnotes":""},"categories":[25,12,17],"tags":[],"class_list":["post-1972","post","type-post","status-publish","format-standard","has-post-thumbnail","hentry","category-gaad","category-sensibilisation","category-temoignage"],"acf":[],"_links":{"self":[{"href":"https:\/\/ideance.net\/blog\/en\/wp-json\/wp\/v2\/posts\/1972","targetHints":{"allow":["GET"]}}],"collection":[{"href":"https:\/\/ideance.net\/blog\/en\/wp-json\/wp\/v2\/posts"}],"about":[{"href":"https:\/\/ideance.net\/blog\/en\/wp-json\/wp\/v2\/types\/post"}],"author":[{"embeddable":true,"href":"https:\/\/ideance.net\/blog\/en\/wp-json\/wp\/v2\/users\/6"}],"replies":[{"embeddable":true,"href":"https:\/\/ideance.net\/blog\/en\/wp-json\/wp\/v2\/comments?post=1972"}],"version-history":[{"count":24,"href":"https:\/\/ideance.net\/blog\/en\/wp-json\/wp\/v2\/posts\/1972\/revisions"}],"predecessor-version":[{"id":4342,"href":"https:\/\/ideance.net\/blog\/en\/wp-json\/wp\/v2\/posts\/1972\/revisions\/4342"}],"wp:featuredmedia":[{"embeddable":true,"href":"https:\/\/ideance.net\/blog\/en\/wp-json\/wp\/v2\/media\/1909"}],"wp:attachment":[{"href":"https:\/\/ideance.net\/blog\/en\/wp-json\/wp\/v2\/media?parent=1972"}],"wp:term":[{"taxonomy":"category","embeddable":true,"href":"https:\/\/ideance.net\/blog\/en\/wp-json\/wp\/v2\/categories?post=1972"},{"taxonomy":"post_tag","embeddable":true,"href":"https:\/\/ideance.net\/blog\/en\/wp-json\/wp\/v2\/tags?post=1972"}],"curies":[{"name":"wp","href":"https:\/\/api.w.org\/{rel}","templated":true}]}}