{"id":2077,"date":"2024-05-16T08:25:00","date_gmt":"2024-05-16T06:25:00","guid":{"rendered":"https:\/\/ideance.net\/blog\/?p=2077"},"modified":"2024-05-16T23:27:06","modified_gmt":"2024-05-16T21:27:06","slug":"choisir-une-regle-accessibilite-respectee","status":"publish","type":"post","link":"https:\/\/ideance.net\/blog\/en\/2077\/choisir-une-regle-accessibilite-respectee\/","title":{"rendered":"Si tu devais en choisir qu&rsquo;une seule, quelle r\u00e8gle d&rsquo;accessibilit\u00e9 souhaiterais-tu voir davantage respect\u00e9e ? &#8211; GAAD 2024"},"content":{"rendered":"<p class=\"ice-block\">Dans le cadre de la journ\u00e9e mondiale de sensibilisation \u00e0 l&rsquo;accessibilit\u00e9 de 2024 (<bdo lang=\"en\" dir=\"ltr\"><a href=\"https:\/\/accessibility.day\">Global Accessibility Awareness Day<\/a><\/bdo>), des membres de l&rsquo;\u00e9quipe d&rsquo;Ideance ont r\u00e9pondu \u00e0 une question sur l&rsquo;accessibilit\u00e9 num\u00e9rique et le m\u00e9tier de consultant et consultante en accessibilit\u00e9. <a href=\"https:\/\/ideance.net\/blog\/en\/2117\/serie-de-podcasts-autour-de-laccessibilite-numerique-pour-la-gaad\/\" data-type=\"link\" data-id=\"https:\/\/ideance.net\/blog\/2117\/serie-de-podcasts-autour-de-laccessibilite-numerique-pour-la-gaad\/\">Retrouvez l&rsquo;ensemble des podcasts sur le billet de blog d\u00e9di\u00e9<\/a>.<\/p>\n\n\n\n<p>D\u00e9couvrez la question\/r\u00e9ponse de Jennifer au format audio, suivie de sa transcription textuelle.<\/p>\n\n\n\n<h2 class=\"wp-block-heading\">Podcast<\/h2>\n\n\n\n<figure class=\"wp-block-audio\"><audio controls src=\"https:\/\/ideance.net\/blog\/wp-content\/uploads\/2024\/04\/Jennifer-Bodet_normalized.mp3\"><\/audio><\/figure>\n\n\n\n<h2 class=\"wp-block-heading\">Transcription textuelle<\/h2>\n\n\n\n<p>Bonjour, je m\u2019appelle Jennifer, je suis consultante en accessibilit\u00e9 num\u00e9rique chez Ideance depuis 3 ans et voil\u00e0 la question \u00e0 laquelle j\u2019ai choisi de r\u00e9pondre aujourd\u2019hui : Si tu devais en choisir qu&rsquo;une seule, quelle r\u00e8gle d&rsquo;accessibilit\u00e9 souhaiterais-tu voir davantage respect\u00e9e ?<\/p>\n\n\n\n<p>La r\u00e8gle que je mettrais en avant est le fait d\u2019<strong>utiliser des couleurs de texte suffisamment contrast\u00e9es avec la couleur de fond.<\/strong><br>Cette r\u00e8gle consiste \u00e0 s\u2019assurer que le rapport de contraste entre la couleur du texte que l\u2019on utilise et la couleur de fond est d\u2019au moins 4,5 :1.<\/p>\n\n\n\n<p>Cela peut para\u00eetre compliqu\u00e9 mais en fait il existe de nombreux outils tr\u00e8s simples que l\u2019on peut utiliser pour s\u2019assurer que le contraste est suffisant.<br>Par exemple, <a href=\"https:\/\/www.tpgi.com\/color-contrast-checker\/\" data-type=\"link\" data-id=\"https:\/\/www.tpgi.com\/color-contrast-checker\/\"><span lang=\"en\">Color Contrast Analyzer<\/span><\/a> que l\u2019on peut installer sur son ordinateur et qui contient une pipette tr\u00e8s pr\u00e9cise ou <a href=\"https:\/\/app.contrast-finder.org\/?lang=fr\" data-type=\"link\" data-id=\"https:\/\/app.contrast-finder.org\/?lang=fr\"><span lang=\"en\">Contrast Finder<\/span><\/a> qui est en ligne et qui propose aussi des palettes de couleurs suffisamment contrast\u00e9es.<\/p>\n\n\n\n<p>C\u2019est important car l\u2019<strong>utilisation de contrastes trop faibles diminue consid\u00e9rablement la lisibilit\u00e9<\/strong> des contenus. Dans ce cas, les personnes malvoyantes ne percevront pas certains textes et n\u2019auront pas acc\u00e8s \u00e0 l\u2019information.<\/p>\n\n\n\n<p>Alors, j\u2019ai choisi de parler de cette r\u00e8gle pour plusieurs raisons :<\/p>\n\n\n\n<ul class=\"wp-block-list\">\n<li>La premi\u00e8re c\u2019est pour <strong>casser les a priori sur les couleurs et l\u2019accessibilit\u00e9<\/strong>. On entend tr\u00e8s souvent dire que pour \u00eatre accessible on ne peut pas utiliser les couleurs que l\u2019on veut, on est restreint, on doit tout passer en noir et blanc, c\u2019est moche, etc. Alors qu\u2019en fait, ce n\u2019est pas vrai du tout, il n\u2019y a pas de couleur interdite en accessibilit\u00e9 mais c\u2019est une question d\u2019association de couleurs.<br>Certaines couleurs ne peuvent pas \u00eatre associ\u00e9es \u00e0 d\u2019autres, on ne va pas se mentir, un texte jaune sur fond blanc \u00e7a ne passera pas.<br>Cependant le jaune n\u2019est pas pour autant proscrit, il suffit de le coupler \u00e0 une couleur plus fonc\u00e9e comme le noir ou le bleu marine par exemple.<br>Donc on peut utiliser toutes les couleurs si on les associe correctement.<\/li>\n\n\n\n<li>La deuxi\u00e8me raison c\u2019est que <strong>c\u2019est une r\u00e8gle qui peut s\u2019appliquer \u00e0 tout type de support num\u00e9rique,<\/strong> que ce soit des sites web, des applications mobiles, des logiciels ou encore des documents bureautiques comme des documents Word, PowerPoint, PDF ou tout simplement des e-mails.<br>Donc en fait un tr\u00e8s grand nombre de personnes sont concern\u00e9es par la production de supports num\u00e9riques et donc par cette r\u00e8gle, m\u00eame au quotidien, ne serait-ce que par la r\u00e9daction de mails.<\/li>\n\n\n\n<li>La troisi\u00e8me et derni\u00e8re raison est, qu\u2019au final, <strong>c\u2019est une r\u00e8gle qui peut \u00eatre suivie par tout le monde<\/strong> sans \u00eatre expert en accessibilit\u00e9 et quelque soit son m\u00e9tier.<\/li>\n<\/ul>\n\n\n\n<p class=\"ice-block is-chapo\">Voil\u00e0, j\u2019esp\u00e8re que je vous aurais convaincus de continuer \u00e0 mettre de la couleur dans nos vies mais de fa\u00e7on accessible !<\/p>","protected":false},"excerpt":{"rendered":"<p>Dans le cadre de la journ\u00e9e mondiale de sensibilisation \u00e0 l&rsquo;accessibilit\u00e9 de 2024 (Global Accessibility Awareness Day), des membres de l&rsquo;\u00e9quipe d&rsquo;Ideance ont r\u00e9pondu \u00e0 une question sur l&rsquo;accessibilit\u00e9 num\u00e9rique et le m\u00e9tier de consultant et consultante en accessibilit\u00e9. Retrouvez l&rsquo;ensemble des podcasts sur le billet de blog d\u00e9di\u00e9. D\u00e9couvrez la question\/r\u00e9ponse de Jennifer au&hellip;<\/p>","protected":false},"author":2,"featured_media":1909,"comment_status":"open","ping_status":"open","sticky":false,"template":"","format":"standard","meta":{"_acf_changed":false,"footnotes":""},"categories":[25,12,13],"tags":[],"class_list":["post-2077","post","type-post","status-publish","format-standard","has-post-thumbnail","hentry","category-gaad","category-sensibilisation","category-ux-ui"],"acf":[],"_links":{"self":[{"href":"https:\/\/ideance.net\/blog\/en\/wp-json\/wp\/v2\/posts\/2077","targetHints":{"allow":["GET"]}}],"collection":[{"href":"https:\/\/ideance.net\/blog\/en\/wp-json\/wp\/v2\/posts"}],"about":[{"href":"https:\/\/ideance.net\/blog\/en\/wp-json\/wp\/v2\/types\/post"}],"author":[{"embeddable":true,"href":"https:\/\/ideance.net\/blog\/en\/wp-json\/wp\/v2\/users\/2"}],"replies":[{"embeddable":true,"href":"https:\/\/ideance.net\/blog\/en\/wp-json\/wp\/v2\/comments?post=2077"}],"version-history":[{"count":10,"href":"https:\/\/ideance.net\/blog\/en\/wp-json\/wp\/v2\/posts\/2077\/revisions"}],"predecessor-version":[{"id":2250,"href":"https:\/\/ideance.net\/blog\/en\/wp-json\/wp\/v2\/posts\/2077\/revisions\/2250"}],"wp:featuredmedia":[{"embeddable":true,"href":"https:\/\/ideance.net\/blog\/en\/wp-json\/wp\/v2\/media\/1909"}],"wp:attachment":[{"href":"https:\/\/ideance.net\/blog\/en\/wp-json\/wp\/v2\/media?parent=2077"}],"wp:term":[{"taxonomy":"category","embeddable":true,"href":"https:\/\/ideance.net\/blog\/en\/wp-json\/wp\/v2\/categories?post=2077"},{"taxonomy":"post_tag","embeddable":true,"href":"https:\/\/ideance.net\/blog\/en\/wp-json\/wp\/v2\/tags?post=2077"}],"curies":[{"name":"wp","href":"https:\/\/api.w.org\/{rel}","templated":true}]}}