{"id":2110,"date":"2024-05-16T08:25:00","date_gmt":"2024-05-16T06:25:00","guid":{"rendered":"https:\/\/ideance.net\/blog\/?p=2110"},"modified":"2024-05-16T23:29:49","modified_gmt":"2024-05-16T21:29:49","slug":"deformations-professionnelles-specialistes-accessibilite-numerique","status":"publish","type":"post","link":"https:\/\/ideance.net\/blog\/en\/2110\/deformations-professionnelles-specialistes-accessibilite-numerique\/","title":{"rendered":"Quelles sont les d\u00e9formations professionnelles des sp\u00e9cialistes de l&rsquo;accessibilit\u00e9 num\u00e9rique ? &#8211; GAAD 2024"},"content":{"rendered":"<p class=\"ice-block\">Dans le cadre de la journ\u00e9e mondiale de sensibilisation \u00e0 l\u2019accessibilit\u00e9 de 2024 (<a href=\"https:\/\/accessibility.day\/\" data-type=\"link\" data-id=\"https:\/\/accessibility.day\/\"><bdo lang=\"en\" dir=\"ltr\">Global Accessibility Awareness Day<\/bdo><\/a>), des membres de l\u2019\u00e9quipe d\u2019Ideance ont r\u00e9pondu \u00e0 une question sur l\u2019accessibilit\u00e9 num\u00e9rique et le m\u00e9tier de consultant et consultante en accessibilit\u00e9. <a href=\"https:\/\/ideance.net\/blog\/en\/2117\/serie-de-podcasts-autour-de-laccessibilite-numerique-pour-la-gaad\/\" data-type=\"link\" data-id=\"https:\/\/ideance.net\/blog\/2117\/serie-de-podcasts-autour-de-laccessibilite-numerique-pour-la-gaad\/\">Retrouvez l\u2019ensemble des podcasts sur le billet de blog d\u00e9di\u00e9.<\/a><\/p>\n\n\n\n<p>D\u00e9couvrez la question\/r\u00e9ponse de Sonia au format audio, suivie de sa transcription textuelle.<\/p>\n\n\n\n<h2 class=\"wp-block-heading\" id=\"ice-post-title-0\">Podcast<\/h2>\n\n\n\n<figure class=\"wp-block-audio\"><audio controls src=\"https:\/\/ideance.net\/blog\/wp-content\/uploads\/2024\/05\/Sonia-Prevost_normalized.mp3\"><\/audio><\/figure>\n\n\n\n<h2 class=\"wp-block-heading\" id=\"ice-post-title-1\">Transcription textuelle<\/h2>\n\n\n\n<p>Bonjour, je suis Sonia Pr\u00e9vost, consultante accessibilit\u00e9 num\u00e9rique chez Ideance. J\u2019ai rejoint le domaine de l\u2019accessibilit\u00e9 num\u00e9rique il y a environ un an \u00e0 la suite de plusieurs d\u00e9clics. <strong>Aujourd\u2019hui, je vais vous parler des d\u00e9formations professionnelles qu\u2019on exp\u00e9rimente quand on travaille dans l\u2019accessibilit\u00e9 num\u00e9rique.<\/strong><\/p>\n\n\n\n<p>Quand j&rsquo;ai commenc\u00e9 \u00e0 travailler comme consultante, je ne me suis pas rendu compte tout de suite de ce qui allait m\u2019arriver. Avant, je naviguais sur internet en toute tranquillit\u00e9. Parfois, je trouvais les choses un peu mal faites, pas tr\u00e8s pratiques mais rien de tr\u00e8s g\u00eanant en soi. Depuis quelques mois, il m&rsquo;est devenu assez difficile de parcourir un site internet, un post sur un r\u00e9seau social sans rep\u00e9rer les d\u00e9fauts d&rsquo;accessibilit\u00e9 et sans aller les regarder en d\u00e9tail. Ce n&rsquo;est plus aussi facile qu&rsquo;avant parce que maintenant je sais toutes les difficult\u00e9s que rencontrent les personnes handicap\u00e9es. Laissez-moi vous raconter mes petites d\u00e9formations professionnelles qui font monter parfois tr\u00e8s vite mon taux d\u2019agacement.<\/p>\n\n\n\n<p>La premi\u00e8re chose que je regarde, c\u2019est la pr\u00e9sence d\u2019un lien d\u2019\u00e9vitement qui permet d\u2019aller directement au contenu. Vous savez, ce petit lien qui appara\u00eet quand on navigue au clavier. Quand il n\u2019y en a pas, je pense aux personnes d\u00e9ficientes motrices qui vont devoir cliquer parfois 15 fois avant de pouvoir lire le contenu de la page. Et ceci, pour chaque page du site.<\/p>\n\n\n\n<p>J\u2019ai toujours \u00e0 port\u00e9e de main une petite pipette qui me permet de pr\u00e9lever les couleurs d\u2019un site et ainsi, de v\u00e9rifier les contrastes entre couleur de premi\u00e8re-plan et couleur d\u2019arri\u00e8re-plan. Maintenant que j\u2019ai l\u2019\u0153il un peu plus aiguis\u00e9, mon visage se crispe imm\u00e9diatement quand je vois des textes en jaune ou en orange sur fond blanc, parce que je sais que ce ne sera pas suffisamment contrast\u00e9. Et donc que les personnes malvoyantes ou daltoniennes vont peiner \u00e0 lire ou manquer des informations.<\/p>\n\n\n\n<p>Je ne peux pas m\u2019emp\u00eacher non plus d\u2019aller v\u00e9rifier les alternatives textuelles des images. Et quand je vois qu\u2019il n\u2019y a parfois m\u00eame pas d\u2019attribut <code>alt<\/code>, je me mets \u00e0 la place de la personne qui va entendre \u00ab&nbsp;image sans libell\u00e9&nbsp;\u00bb autant de fois qu\u2019il y a d\u2019images sans ce fameux attribut.<\/p>\n\n\n\n<p>Je ne vous raconte pas quand je suis par exemple sur Linkedin et que je lis des publications avec du faux gras et des tonnes d\u2019\u00e9moji. Je me retiens de toutes mes forces de ne pas mettre un petit commentaire pour renvoyer les cr\u00e9ateurs et cr\u00e9atrices de contenu vers des articles qui d\u00e9montrent par a + b pourquoi c\u2019est tr\u00e8s d\u00e9rangeant pour les personnes qui utilisent un lecteur d\u2019\u00e9cran.<\/p>\n\n\n\n<p>Enfin, il faut qu\u2019on parle des vid\u00e9os. Celles qui ne sont pas du tout sous-titr\u00e9es, celles qui sont partiellement sous-titr\u00e9es, celles qui sont mal sous-titr\u00e9es, celles dont les sous-titres ne sont pas suffisamment contrast\u00e9s. Le monde d\u2019aujourd\u2019hui est rempli de vid\u00e9os et les personnes sourdes notamment n\u2019y ont pas souvent acc\u00e8s et sont mis de c\u00f4t\u00e9.<\/p>\n\n\n\n<p>La liste est longue des d\u00e9fauts d\u2019accessibilit\u00e9 et je pourrais en parler pendant des heures mais je vais m\u2019arr\u00eater l\u00e0.<\/p>\n\n\n\n<p>Voil\u00e0, maintenant vous savez ce qui se passe quand des sp\u00e9cialistes de l\u2019accessibilit\u00e9 num\u00e9rique naviguent sur internet, dans notre vie de tous les jours. Travailler dans l\u2019accessibilit\u00e9 num\u00e9rique, ce n\u2019est pas juste rendre conforme ou non conforme des crit\u00e8res d\u2019un r\u00e9f\u00e9rentiel, c\u2019est se mettre chaque jour \u00e0 la place des personnes handicap\u00e9es. Et v\u00e9rifier, site apr\u00e8s site, que la grande majorit\u00e9 d\u2019entre eux n\u2019est pas accessible et mettent de c\u00f4t\u00e9 tout une partie de la population.<\/p>\n\n\n\n<p>Alors, que faut-il faire pour baisser mon niveau d\u2019agacement et surtout am\u00e9liorer l\u2019accessibilit\u00e9 de vos sites Internet et de vos applications mobiles&nbsp;? Formez-vous, sensibilisez-vous, int\u00e9grer des cursus d\u2019accessibilit\u00e9 num\u00e9rique dans vos formations de d\u00e9veloppement web, de produit et de design. Car, nous ne nous lasserons jamais de le r\u00e9p\u00e9ter&nbsp;: quand l\u2019accessibilit\u00e9 num\u00e9rique est prise au d\u00e9but des projets, c\u2019est tout le monde qui y gagne.<\/p>\n\n\n\n<p class=\"ice-block is-chapo\">Et vous, qu\u2019est-ce qui fait monter tr\u00e8s vite votre taux d&rsquo;agacement&nbsp;? Quels sont vos petites manies quand vous naviguez sur Internet&nbsp;?<\/p>","protected":false},"excerpt":{"rendered":"<p>Dans le cadre de la journ\u00e9e mondiale de sensibilisation \u00e0 l\u2019accessibilit\u00e9 de 2024 (Global Accessibility Awareness Day), des membres de l\u2019\u00e9quipe d\u2019Ideance ont r\u00e9pondu \u00e0 une question sur l\u2019accessibilit\u00e9 num\u00e9rique et le m\u00e9tier de consultant et consultante en accessibilit\u00e9. Retrouvez l\u2019ensemble des podcasts sur le billet de blog d\u00e9di\u00e9. D\u00e9couvrez la question\/r\u00e9ponse de Sonia au&hellip;<\/p>","protected":false},"author":16,"featured_media":1909,"comment_status":"open","ping_status":"open","sticky":false,"template":"","format":"standard","meta":{"_acf_changed":false,"footnotes":""},"categories":[25,12,17],"tags":[],"class_list":["post-2110","post","type-post","status-publish","format-standard","has-post-thumbnail","hentry","category-gaad","category-sensibilisation","category-temoignage"],"acf":[],"_links":{"self":[{"href":"https:\/\/ideance.net\/blog\/en\/wp-json\/wp\/v2\/posts\/2110","targetHints":{"allow":["GET"]}}],"collection":[{"href":"https:\/\/ideance.net\/blog\/en\/wp-json\/wp\/v2\/posts"}],"about":[{"href":"https:\/\/ideance.net\/blog\/en\/wp-json\/wp\/v2\/types\/post"}],"author":[{"embeddable":true,"href":"https:\/\/ideance.net\/blog\/en\/wp-json\/wp\/v2\/users\/16"}],"replies":[{"embeddable":true,"href":"https:\/\/ideance.net\/blog\/en\/wp-json\/wp\/v2\/comments?post=2110"}],"version-history":[{"count":12,"href":"https:\/\/ideance.net\/blog\/en\/wp-json\/wp\/v2\/posts\/2110\/revisions"}],"predecessor-version":[{"id":2249,"href":"https:\/\/ideance.net\/blog\/en\/wp-json\/wp\/v2\/posts\/2110\/revisions\/2249"}],"wp:featuredmedia":[{"embeddable":true,"href":"https:\/\/ideance.net\/blog\/en\/wp-json\/wp\/v2\/media\/1909"}],"wp:attachment":[{"href":"https:\/\/ideance.net\/blog\/en\/wp-json\/wp\/v2\/media?parent=2110"}],"wp:term":[{"taxonomy":"category","embeddable":true,"href":"https:\/\/ideance.net\/blog\/en\/wp-json\/wp\/v2\/categories?post=2110"},{"taxonomy":"post_tag","embeddable":true,"href":"https:\/\/ideance.net\/blog\/en\/wp-json\/wp\/v2\/tags?post=2110"}],"curies":[{"name":"wp","href":"https:\/\/api.w.org\/{rel}","templated":true}]}}