{"id":3229,"date":"2024-12-12T10:15:32","date_gmt":"2024-12-12T09:15:32","guid":{"rendered":"https:\/\/ideance.net\/blog\/?p=3229"},"modified":"2025-01-06T11:59:16","modified_gmt":"2025-01-06T10:59:16","slug":"amenagement-poste-handicap","status":"publish","type":"post","link":"https:\/\/ideance.net\/blog\/en\/3229\/amenagement-poste-handicap\/","title":{"rendered":"Qu&rsquo;est-ce qu&rsquo;un am\u00e9nagement de poste pour les personnes en situation de handicap ?"},"content":{"rendered":"<p class=\"ice-block is-chapo\">Ce billet pr\u00e9sente les am\u00e9nagements de poste sous diff\u00e9rents angles : l&rsquo;objectif, les types de modifications possibles, et les avantages tant pour les salari\u00e9s que pour les entreprises. Il explique aussi comment mettre en place ces am\u00e9nagements et les b\u00e9n\u00e9fices associ\u00e9s.<\/p>\n<p>L&rsquo;am\u00e9nagement de poste est une d\u00e9marche essentielle pour <strong>favoriser l&rsquo;inclusion des personnes en situation de handicap<\/strong> dans le monde du travail.<\/p>\n<p>Il s&rsquo;agit d&rsquo;adapter l&rsquo;environnement de travail, les outils et les m\u00e9thodes de travail en fonction des besoins sp\u00e9cifiques de chaque individu, afin de leur permettre de r\u00e9aliser leur travail dans de bonnes conditions, tout en respectant leur(s) handicap(s).<\/p>\n<h2>Pourquoi am\u00e9nager un poste de travail ?<\/h2>\n<p>L&rsquo;objectif principal de l&rsquo;am\u00e9nagement d&rsquo;un poste est de garantir <strong>l&rsquo;\u00e9galit\u00e9 des chances pour tous les salari\u00e9s<\/strong>, qu&rsquo;ils soient en situation de handicap ou non.<\/p>\n<p>Cela permet \u00e0 la personne concern\u00e9e de travailler de mani\u00e8re optimale et d&rsquo;\u00eatre pleinement int\u00e9gr\u00e9e dans son \u00e9quipe et son entreprise.<\/p>\n<p class=\"ice-block is-green\">Ces am\u00e9nagements sont une v\u00e9ritable cl\u00e9 pour une meilleure productivit\u00e9, un meilleur bien-\u00eatre au travail, et une plus grande autonomie.<\/p>\n<h2>Les types d&rsquo;am\u00e9nagements possibles<\/h2>\n<p>Les am\u00e9nagements de poste peuvent prendre diff\u00e9rentes formes en fonction du type de handicap, mais aussi des contraintes du poste de travail.<\/p>\n<p>Voici quelques exemples d\u2019adaptations possibles :<\/p>\n<h3>Am\u00e9nagement de l&rsquo;espace de travail<\/h3>\n<ul>\n<li>R\u00e9organisation de l&rsquo;espace pour faciliter les d\u00e9placements (accessibilit\u00e9 des portes, des couloirs, des espaces de stockage, etc.).<\/li>\n<li>Installation de rampes d&rsquo;acc\u00e8s pour les personnes en fauteuil roulant.<\/li>\n<li>Mise en place de mobilier ergonomique, comme des chaises adapt\u00e9es ou des bureaux r\u00e9glables en hauteur.<\/li>\n<\/ul>\n<h3>Technologies d\u2019assistance<\/h3>\n<ul>\n<li>Utilisation de logiciels adapt\u00e9s (lecteurs d&rsquo;\u00e9cran, logiciels de reconnaissance vocale, etc.).<\/li>\n<li>Mise en place d&rsquo;\u00e9quipements sp\u00e9cifiques comme des claviers ou souris ergonomiques, des \u00e9crans agrandis, des \u00e9quipements tactiles, des plages braille, des boucles magn\u00e9tiques, etc.<\/li>\n<\/ul>\n<h3>Am\u00e9nagement des horaires ou des conditions de travail<\/h3>\n<ul>\n<li>Modification des horaires de travail pour tenir compte de la fatigue li\u00e9e \u00e0 certains handicaps ou des contraintes pour se d\u00e9placer lorsque la luminosit\u00e9 est insuffisante.<\/li>\n<li>T\u00e9l\u00e9travail ou am\u00e9nagement des conditions de travail \u00e0 distance pour les personnes ayant des difficult\u00e9s \u00e0 se d\u00e9placer.<\/li>\n<\/ul>\n<h3>Formation et accompagnement<\/h3>\n<ul>\n<li>Formation des \u00e9quipes \u00e0 la gestion du handicap en milieu professionnel pour favoriser une meilleure inclusion.<\/li>\n<li>Accompagnement personnalis\u00e9 pour la prise en main des outils et des \u00e9quipements adapt\u00e9s.<\/li>\n<\/ul>\n<h2>Qui est concern\u00e9 ?<\/h2>\n<p class=\"ice-block is-green\">Tout salari\u00e9 peut b\u00e9n\u00e9ficier d\u2019un am\u00e9nagement de poste si son handicap le justifie.<\/p>\n<p>Cela peut concerner des <strong>handicaps visibles<\/strong> (comme la mobilit\u00e9 r\u00e9duite) mais aussi des <strong>handicaps invisibles<\/strong> (comme les troubles cognitifs, sensoriels ou psychiques).<\/p>\n<p>L\u2019am\u00e9nagement doit toujours \u00eatre r\u00e9alis\u00e9 en concertation avec la personne concern\u00e9e pour r\u00e9pondre au mieux \u00e0 ses besoins sp\u00e9cifiques.<\/p>\n<h2>Les avantages pour l&rsquo;entreprise<\/h2>\n<p>Au-del\u00e0 de l&rsquo;aspect humain et social, l\u2019am\u00e9nagement des postes de travail pr\u00e9sente de nombreux avantages pour l&rsquo;entreprise.<\/p>\n<p>Il permet :<\/p>\n<ul>\n<li>D\u2019assurer la conformit\u00e9 aux obligations l\u00e9gales en mati\u00e8re d\u2019accessibilit\u00e9 et d\u2019inclusion des personnes handicap\u00e9es.<\/li>\n<li>De r\u00e9duire l\u2019absent\u00e9isme en offrant un environnement de travail adapt\u00e9.<\/li>\n<li>D&rsquo;am\u00e9liorer la productivit\u00e9 et la satisfaction des salari\u00e9s.<\/li>\n<li>D&rsquo;enrichir la diversit\u00e9 des \u00e9quipes, un atout pr\u00e9cieux dans un environnement de travail inclusif et innovant.<\/li>\n<\/ul>\n<h2>Comment mettre en place un am\u00e9nagement de poste ?<\/h2>\n<p class=\"ice-block is-green\">L\u2019am\u00e9nagement d\u2019un poste de travail doit \u00eatre r\u00e9alis\u00e9 apr\u00e8s une \u00e9valuation des besoins, souvent en collaboration avec la personne concern\u00e9e, un m\u00e9decin du travail ou un expert handicap.<\/p>\n<p>Cela permet de d\u00e9finir les ajustements n\u00e9cessaires en fonction des capacit\u00e9s et des attentes du salari\u00e9.<\/p>\n<p>Dans certains cas, <strong>des aides financi\u00e8res sont disponibles<\/strong> pour soutenir les entreprises dans cette d\u00e9marche, comme les subventions de l&rsquo;Agefiph (Association de gestion du fonds pour l&rsquo;insertion professionnelle des personnes handicap\u00e9es), dans le secteur public le Fiphfp (Fonds pour l&rsquo;insertion des personnes handicap\u00e9es dans la fonction publique).<\/p>\n<h2>En conclusion<\/h2>\n<p class=\"ice-block is-green\">L&rsquo;<a href=\"https:\/\/ideance.net\/blog\/en\/fr\/handicap-travail-amenagement-etude-poste\/\">am\u00e9nagement de poste<\/a> est bien plus qu&rsquo;une simple obligation l\u00e9gale, c&rsquo;est une d\u00e9marche qui b\u00e9n\u00e9ficie \u00e0 la fois au salari\u00e9 et \u00e0 l&rsquo;entreprise.<\/p>\n<p>Il permet de cr\u00e9er un <strong>environnement de travail inclusif et respectueux des diff\u00e9rences<\/strong>, et d\u2019offrir \u00e0 chaque salari\u00e9 les meilleures conditions pour exprimer tout son potentiel.<\/p>","protected":false},"excerpt":{"rendered":"<p>Ce billet pr\u00e9sente les am\u00e9nagements de poste sous diff\u00e9rents angles : l&rsquo;objectif, les types de modifications possibles, et les avantages tant pour les salari\u00e9s que pour les entreprises. Il explique aussi comment mettre en place ces am\u00e9nagements et les b\u00e9n\u00e9fices associ\u00e9s. L&rsquo;am\u00e9nagement de poste est une d\u00e9marche essentielle pour favoriser l&rsquo;inclusion des personnes en situation&hellip;<\/p>","protected":false},"author":17,"featured_media":3254,"comment_status":"open","ping_status":"open","sticky":false,"template":"","format":"standard","meta":{"_acf_changed":false,"footnotes":""},"categories":[29,12],"tags":[],"class_list":["post-3229","post","type-post","status-publish","format-standard","has-post-thumbnail","hentry","category-amenagement-de-poste","category-sensibilisation"],"acf":[],"_links":{"self":[{"href":"https:\/\/ideance.net\/blog\/en\/wp-json\/wp\/v2\/posts\/3229","targetHints":{"allow":["GET"]}}],"collection":[{"href":"https:\/\/ideance.net\/blog\/en\/wp-json\/wp\/v2\/posts"}],"about":[{"href":"https:\/\/ideance.net\/blog\/en\/wp-json\/wp\/v2\/types\/post"}],"author":[{"embeddable":true,"href":"https:\/\/ideance.net\/blog\/en\/wp-json\/wp\/v2\/users\/17"}],"replies":[{"embeddable":true,"href":"https:\/\/ideance.net\/blog\/en\/wp-json\/wp\/v2\/comments?post=3229"}],"version-history":[{"count":27,"href":"https:\/\/ideance.net\/blog\/en\/wp-json\/wp\/v2\/posts\/3229\/revisions"}],"predecessor-version":[{"id":3259,"href":"https:\/\/ideance.net\/blog\/en\/wp-json\/wp\/v2\/posts\/3229\/revisions\/3259"}],"wp:featuredmedia":[{"embeddable":true,"href":"https:\/\/ideance.net\/blog\/en\/wp-json\/wp\/v2\/media\/3254"}],"wp:attachment":[{"href":"https:\/\/ideance.net\/blog\/en\/wp-json\/wp\/v2\/media?parent=3229"}],"wp:term":[{"taxonomy":"category","embeddable":true,"href":"https:\/\/ideance.net\/blog\/en\/wp-json\/wp\/v2\/categories?post=3229"},{"taxonomy":"post_tag","embeddable":true,"href":"https:\/\/ideance.net\/blog\/en\/wp-json\/wp\/v2\/tags?post=3229"}],"curies":[{"name":"wp","href":"https:\/\/api.w.org\/{rel}","templated":true}]}}