{"id":4147,"date":"2025-08-04T10:19:31","date_gmt":"2025-08-04T08:19:31","guid":{"rendered":"https:\/\/ideance.net\/blog\/?p=4147"},"modified":"2025-09-02T08:53:52","modified_gmt":"2025-09-02T06:53:52","slug":"a-la-decouverte-du-chansigne-avec-laety-chansigneuse","status":"publish","type":"post","link":"https:\/\/ideance.net\/blog\/en\/4147\/a-la-decouverte-du-chansigne-avec-laety-chansigneuse\/","title":{"rendered":"\u00c0 la d\u00e9couverte du chansigne avec La\u00ebty, chansigneuse"},"content":{"rendered":"<p>Comment rendre la musique accessible aux personnes sourdes ? Et comment la langue des signes peut-elle devenir un art \u00e0 part enti\u00e8re, au m\u00eame titre que la danse ou le chant ?<br>Pour r\u00e9pondre \u00e0 ces questions, nous avons eu le privil\u00e8ge d\u2019assister \u00e0 un atelier de <a href=\"http:\/\/linkedin.com\/in\/la%C3%ABty-sign-mouv-abb44a53\">La\u00ebty, chansigneuse professionnelle<\/a>.<br>Elle nous raconte son parcours, son m\u00e9tier, et ce que signifie vraiment \u00ab chanter avec les mains \u00bb.<\/p>\n\n\n\n<figure class=\"wp-block-image size-large\" role=\"figure\" aria-label=\"Photographe Made By Mell\"><img loading=\"lazy\" decoding=\"async\" width=\"1024\" height=\"683\" src=\"https:\/\/ideance.net\/blog\/wp-content\/uploads\/2025\/07\/Fete-MadebyMell-1024x683.jpg\" alt=\"Portrait de Laety, souriante en salopette noire et d\u00e9bardeur orange, chansigne sur un fond sombre en levant les deux index vers le haut.\" class=\"wp-image-4149\" srcset=\"https:\/\/ideance.net\/blog\/wp-content\/uploads\/2025\/07\/Fete-MadebyMell-1024x683.jpg 1024w, https:\/\/ideance.net\/blog\/wp-content\/uploads\/2025\/07\/Fete-MadebyMell-300x200.jpg 300w, https:\/\/ideance.net\/blog\/wp-content\/uploads\/2025\/07\/Fete-MadebyMell-768x512.jpg 768w, https:\/\/ideance.net\/blog\/wp-content\/uploads\/2025\/07\/Fete-MadebyMell-1536x1024.jpg 1536w, https:\/\/ideance.net\/blog\/wp-content\/uploads\/2025\/07\/Fete-MadebyMell-2048x1366.jpg 2048w, https:\/\/ideance.net\/blog\/wp-content\/uploads\/2025\/07\/Fete-MadebyMell-18x12.jpg 18w\" sizes=\"auto, (max-width: 1024px) 100vw, 1024px\" \/><figcaption class=\"wp-element-caption\">Photographe <span lang=\"en\">Made by Mell<\/span><\/figcaption><\/figure>\n\n\n\n<h2 class=\"wp-block-heading\">Qu\u2019est-ce que le chansigne exactement ?<\/h2>\n\n\n\n<p>Le chansigne, ce n\u2019est pas juste de la traduction en LSF (langue des signes).<\/p>\n\n\n\n<p>C\u2019est une <strong>discipline artistique \u00e0 part enti\u00e8re<\/strong>, qui m\u00eale <strong>langue des signes<\/strong> et <strong>musique<\/strong>.<\/p>\n\n\n\n<p>La langue des signes ne vient pas \u00ab apr\u00e8s \u00bb ou \u00ab \u00e0 c\u00f4t\u00e9 \u00bb de la chanson : elle <strong>joue avec la musique<\/strong>, elle en devient <strong>une autre voix<\/strong>, une autre mati\u00e8re.<\/p>\n\n\n\n<p>Il y a deux grandes formes de chansigne.<\/p>\n\n\n\n<h3 class=\"wp-block-heading\">Le chansigne de reprise<\/h3>\n\n\n\n<p>Je reprends <strong>une \u0153uvre existante<\/strong>, je la traduis et je l\u2019adapte \u00e0 la LSF, en tenant compte du rythme, du style, de l\u2019intention de l\u2019artiste, et surtout, de la culture sourde.<\/p>\n\n\n\n<p>Exemple en vid\u00e9o : Chansigne La\u00ebty x Christophe Ma\u00e9 \u00ab\u00a0Il est o\u00f9 le bonheur\u00a0\u00bb.<\/p>\n\n\n\n<figure class=\"wp-block-embed is-type-video is-provider-youtube wp-block-embed-youtube wp-embed-aspect-16-9 wp-has-aspect-ratio\"><div class=\"wp-block-embed__wrapper\">\n<iframe title=\"Chansigne La\u00ebty x Christophe Ma\u00e9 Il est o\u00f9 le bonheur (lecteur vid\u00e9o YouTube)\" style=\"border: none;\" src=\"https:\/\/www.youtube.com\/embed\/UTfTsgO8KmQ?si=rBvkWJCU9SANAVwJ\" allowfullscreen=\"allowfullscreen\"><\/iframe><\/div><\/figure>\n\n\n\n<div class=\"ice-transcript\">\n<button type=\"button\" data-toggle=\"collapse\" data-target=\"#transcript-video-1\" aria-expanded=\"false\" aria-controls=\"transcript-video-1\">\n<span role=\"heading\" aria-level=\"4\">Transcription textuelle<\/span>\n<\/button>\n<div class=\"collapse\" id=\"transcript-video-1\">\n<p>La\u00ebty x Christophe Ma\u00e9 \u00ab\u00a0Il est o\u00f9 le bonheur\u00a0\u00bb.<br>Ceci n&rsquo;est pas un clip.<\/p>\n<p>Il est o\u00f9 le bonheur, il est o\u00f9?<br>Il est o\u00f9?<br>Il est o\u00f9 le bonheur, il est o\u00f9?<br>Il est o\u00f9?<\/p>\n<p>J&rsquo;ai fait l&rsquo;amour, j&rsquo;ai fait la manche<br>J&rsquo;attendais d&rsquo;\u00eatre heureux<br>J&rsquo;ai fait des chansons, j&rsquo;ai fait des enfants<br>J&rsquo;ai fait au mieux<br>J&rsquo;ai fait la gueule, j&rsquo;ai fait semblant<br>On fait comme on peut<br>J&rsquo;ai fait le con, c&rsquo;est vrai, j&rsquo;ai fait la f\u00eate, ouais<br>Je croyais \u00eatre heureux, mais<\/p>\n<p>Y a tous ces soirs sans potes<br>Quand personne sonne et ne vient<br>C&rsquo;est dimanche soir, dans la flotte<br>Comme un con dans son bain<br>Essayant de le noyer, mais il flotte<br>Ce putain de chagrin<br>Alors, je me chante mes plus belles notes et<br>\u00c7a ira mieux demain<\/p>\n<p>Il est o\u00f9 le bonheur, il est o\u00f9?<br>Il est o\u00f9?<br>Il est o\u00f9 le bonheur, il est o\u00f9?<br>Il est o\u00f9?<\/p>\n<p>Il est l\u00e0 le bonheur, il est l\u00e0<br>Il est l\u00e0<br>Il est l\u00e0 le bonheur, il est l\u00e0<br>Il est l\u00e0<\/p>\n<p>J&rsquo;ai fait la cour, j&rsquo;ai fait mon cirque<br>J&rsquo;attendais d&rsquo;\u00eatre heureux<br>J&rsquo;ai fait le clown, c&rsquo;est vrai et j&rsquo;ai rien fait<br>Mais \u00e7a ne va pas mieux<br>J&rsquo;ai fait du bien, j&rsquo;ai fait des fautes<br>On fait comme on peut<br>J&rsquo;ai fait des folies, j&rsquo;ai pris des fous rires, ouais<br>Je croyais \u00eatre heureux, mais<\/p>\n<p>Y a tous ces soirs de No\u00ebl, o\u00f9 l&rsquo;on sourit poliment<br>Pour prot\u00e9ger de la vie cruelle<br>Tous ces rires d&rsquo;enfants<br>Et ces chaises vides qui nous rappellent<br>Ce que la vie nous prend<br>Alors, je me chante mes notes les plus belles<br>C&rsquo;\u00e9tait mieux avant<\/p>\n<p>Il est o\u00f9 le bonheur, il est o\u00f9?<br>Il est o\u00f9?<br>Il est o\u00f9 le bonheur, il est o\u00f9?<br>Il est o\u00f9?<\/p>\n<p>Il est l\u00e0 le bonheur, il est l\u00e0<br>Il est l\u00e0<br>Il est l\u00e0 le bonheur, il est l\u00e0!<br>Il est l\u00e0<\/p>\n<p>C&rsquo;est une bougie, le bonheur<br>Ris pas trop fort d&rsquo;ailleurs<br>Tu risques de l&rsquo;\u00e9teindre<br>On l&rsquo;veut le bonheur, oui, on l&rsquo;veut<br>Tout le monde veut l&rsquo;atteindre<br>Mais il fait pas de bruit, le bonheur, non, il fait pas de bruit<br>Non, il n&rsquo;en fait pas<br>C&rsquo;est con le bonheur, ouais, car c&rsquo;est souvent apr\u00e8s qu&rsquo;on sait qu&rsquo;il \u00e9tait l\u00e0<\/p>\n<p>Il est o\u00f9 le bonheur, il est o\u00f9?<br>Il est o\u00f9?<br>Il est o\u00f9 le bonheur, il est o\u00f9?<br>Il est o\u00f9?<\/p>\n<p>Il est l\u00e0 le bonheur, il est l\u00e0<br>Il est l\u00e0<br>Il est l\u00e0 le bonheur, il est l\u00e0, ouais<br>Il est l\u00e0<\/p>\n<p>Oh, mais, il est o\u00f9 le bonheur?<br>Il est o\u00f9 le bonheur?<br>Il est o\u00f9?<br>Il est o\u00f9?<\/p>\n<p>Oh, mais, il est o\u00f9 le bonheur?<br>Mais il est l\u00e0<br>Le bonheur, il est l\u00e0, il est l\u00e0<br>Et il est l\u00e0<br>Le bonheur, il est l\u00e0, il est l\u00e0<\/p>\n<\/div>\n<\/div>\n\n\n\n<h3 class=\"wp-block-heading\">Le chansigne de cr\u00e9ation<\/h3>\n\n\n\n<p>Je cr\u00e9e <strong>une \u0153uvre originale<\/strong>, directement en LSF, en m\u2019appuyant sur des compositions musicales ou sonores, et en imaginant un univers visuel et rythmique propre.<\/p>\n\n\n\n<p>Exemple&nbsp;en vid\u00e9o&nbsp;: ODE A LA PASSION &#8211; La\u00ebty Chansigne de cr\u00e9ation.<\/p>\n\n\n\n<figure class=\"wp-block-embed is-type-video is-provider-youtube wp-block-embed-youtube wp-embed-aspect-16-9 wp-has-aspect-ratio\"><div class=\"wp-block-embed__wrapper\">\n<iframe title=\"ODE A LA PASSION - La\u00ebty Chansigne de cr\u00e9ation (lecteur vid\u00e9o YouTube)\" style=\"border: none;\" src=\"https:\/\/www.youtube.com\/embed\/948iiVBg2Dw?si=EGJM9MXxnyvo_IEj\" allowfullscreen=\"allowfullscreen\"><\/iframe><\/div><\/figure>\n\n\n\n<div class=\"ice-transcript\"><button type=\"button\" data-toggle=\"collapse\" data-target=\"#transcript-video-2\" aria-expanded=\"false\" aria-controls=\"transcript-video-2\"> <span role=\"heading\" aria-level=\"4\">Transcription textuelle<\/span> <\/button>\n<div id=\"transcript-video-2\" class=\"collapse\">\n<p>La\u00ebty Chansigne Prod Staz.<\/p>\n<p>Ode \u00e0 la passion<br>Fruit d&rsquo;ma tentation<\/p>\n<p>Ode \u00e0 la passion<br>Subtil parfum d&rsquo;d\u00e9raison<br>Fruit d&rsquo;ma tentation<\/p>\n<p>Une pens\u00e9e d&rsquo;amour<br>Pour tous les toujours<\/p>\n<p>Pour tous ces d\u00e9tours<br>Pour ces r\u00eaves avou\u00e9s au lever du jour<\/p>\n<p>D\u00e9sordre enflamm\u00e9<br>Feu dans les tripes<br>Le c\u0153ur serr\u00e9<\/p>\n<p>Ces virages que je sais<br>Ne pas contr\u00f4ler<\/p>\n<p>De la part d&rsquo;une grande amoureuse<br>Au c\u0153ur rempli de pics<\/p>\n<p>Tu m&rsquo;as pourtant rendue heureuse<br>Le temps d&rsquo;une nuit atypique<\/p>\n<p>Un big up<br>Une d\u00e9dicace<\/p>\n<p>J&rsquo;pense \u00e0 toi parfois<br>Et j&rsquo;regarde<br>Le temps qui passe<\/p>\n<p>Ode \u00e0 la passion<br>Subtil parfum d&rsquo;d\u00e9raison<br>Fruit d&rsquo;ma tentation<\/p>\n<p>Du gangster des bois<br>Au tatoueur aux abois<\/p>\n<p>J&rsquo;me suis perdue plus d&rsquo;une fois<br>Heureusement<br>Ils ne sont pas comme toi<\/p>\n<p>La douceur d&rsquo;un pinceau<br>La lumi\u00e8re d&rsquo;un pir&rsquo;anar<\/p>\n<p>M&rsquo;ont \u00e0 nouveau<br>Fait penser DUO<\/p>\n<p>Et puis\u2026<br>J&rsquo;me suis retrouv\u00e9e en solo<\/p>\n<p>J&rsquo;me suis r\u00e9par\u00e9e<br>J&rsquo;me suis blind\u00e9e<\/p>\n<p>Peut-\u00eatre un peu trop<br>Dixit ce manouche d&rsquo;appartement<\/p>\n<p>Un circassien<br>Des temps modernes<\/p>\n<p>Un tzigane<br>De festival<\/p>\n<p>Que de beaux sourires !<\/p>\n<p>Sous entendus<br>Tu dois partir ?<br>Tu peux pas tout me dire ?<\/p>\n<p>Alors chacun reprend sa route<br>J&rsquo;ai parfois des doutes<\/p>\n<p>Mais j&rsquo;peux pas jouer au chat et \u00e0 la souris<br>Tous les soirs apr\u00e8s minuit<\/p>\n<p>Y a des combats<br>Qui commencent t\u00f4t le matin<br>Faut pas oublier d&rsquo;\u00eatre humain<\/p>\n<p>Ode \u00e0 la passion<br>Subtil parfum d&rsquo;d\u00e9raison<br>Fruit d&rsquo;ma tentation<\/p>\n<p>D\u00e8s qu&rsquo;on me montre<br>De l&rsquo;attention<br>J&rsquo;me mets direct<br>En mode d\u00e9bile<\/p>\n<p>Concept pourtant conscientis\u00e9<br>Que c&rsquo;est pas utile<\/p>\n<p>Tourbillons de r\u00e9flexions<br>Des envies<br>Des splash<\/p>\n<p>J&rsquo;ai beau lutter<br>J&rsquo;suis une passionn\u00e9e<\/p>\n<p>Une drogu\u00e9e \u00e0 l&rsquo;amour<\/p>\n<p>Un simple regard<br>De beaux yeux couleurs troubadour<br>Et \u2026 J&rsquo;tombe en amour<\/p>\n<p>Souvent pourtant je fredonne<br>Le refrain de ton absence<\/p>\n<p>Et \u2026 Seule<br>Face \u00e0 ma conscience<br>Je danse<\/p>\n<p>La louve<br>Prend ses distances<\/p>\n<p>Une ode \u00e0 la passion<br>Subtil parfum de ma d\u00e9raison<br>Pour toujours fruit de ma tentation<\/p>\n<p>Un hommage \u00e0 vos sourires<br>L&rsquo;\u00e9tendard de mes soupirs<br><\/p>\n<\/div>\n<\/div>\n\n\n\n<h2 class=\"wp-block-heading\">Comment avez-vous d\u00e9couvert la langue des signes, puis le chansigne ?<\/h2>\n\n\n\n<p>J\u2019\u00e9tais une adolescente tr\u00e8s timide. Un jour, \u00e0 la biblioth\u00e8que de mon village, j\u2019ai cherch\u00e9 le mot \u00ab\u00a0silence\u00a0\u00bb et je suis tomb\u00e9e sur <a href=\"https:\/\/fr.wikipedia.org\/wiki\/Le_Cri_de_la_mouette\"><strong>\u00ab\u00a0Le Cri de la Mouette\u00a0\u00bb d\u2019Emmanuelle Laborit<\/strong><\/a>. Ce livre m\u2019a boulevers\u00e9e.<\/p>\n\n\n\n<p>Dans mon village, il y avait une famille sourde : j\u2019ai <strong>os\u00e9 leur demander de m\u2019apprendre<\/strong>. On a troqu\u00e9 des cours : je les aidais pour les devoirs, ils m\u2019apprenaient la LSF.<\/p>\n\n\n<div class=\"wp-block-image\">\n<figure class=\"aligncenter size-full\"><img loading=\"lazy\" decoding=\"async\" width=\"340\" height=\"340\" src=\"https:\/\/ideance.net\/blog\/wp-content\/uploads\/2025\/07\/Le-cri-de-la-mouette.jpg\" alt=\"\" class=\"wp-image-4166\" srcset=\"https:\/\/ideance.net\/blog\/wp-content\/uploads\/2025\/07\/Le-cri-de-la-mouette.jpg 340w, https:\/\/ideance.net\/blog\/wp-content\/uploads\/2025\/07\/Le-cri-de-la-mouette-300x300.jpg 300w, https:\/\/ideance.net\/blog\/wp-content\/uploads\/2025\/07\/Le-cri-de-la-mouette-150x150.jpg 150w, https:\/\/ideance.net\/blog\/wp-content\/uploads\/2025\/07\/Le-cri-de-la-mouette-12x12.jpg 12w\" sizes=\"auto, (max-width: 340px) 100vw, 340px\" \/><\/figure>\n<\/div>\n\n\n<p>J\u2019ai ensuite d\u00e9couvert les <strong>\u00ab\u00a0bars rencontres\u00a0\u00bb<\/strong> du vendredi soir o\u00f9 des sourds se retrouvaient pour signer. C\u2019\u00e9tait <strong>intimidant, mais aussi magnifique<\/strong>. J\u2019ai commenc\u00e9 \u00e0 fr\u00e9quenter leur foyer, j\u2019\u00e9tais la seule entendante, et j\u2019ai appris en vivant avec eux, en partageant leurs codes, leurs f\u00eates, leurs matchs de foot.<\/p>\n\n\n\n<p>Et un soir, en bo\u00eete de nuit, un ami sourd m\u2019a demand\u00e9 pourquoi je ne dansais pas. Je lui ai r\u00e9pondu que je n\u2019aimais pas la chanson. Il m\u2019a dit : <strong>\u00ab Elle raconte quoi, cette chanson ? \u00bb <\/strong>Et l\u00e0, j\u2019ai compris ce que signifiait <strong>ne pas entendre les paroles<\/strong>. C\u2019est ce moment qui m\u2019a pouss\u00e9e \u00e0 \u00ab\u00a0mettre les paroles en signes\u00a0\u00bb.<\/p>\n\n\n\n<figure class=\"wp-block-image size-large\"><img loading=\"lazy\" decoding=\"async\" width=\"1024\" height=\"683\" src=\"https:\/\/ideance.net\/blog\/wp-content\/uploads\/2025\/07\/pexels-maumascaro-801863-1024x683.jpg\" alt=\"\" class=\"wp-image-4170\" srcset=\"https:\/\/ideance.net\/blog\/wp-content\/uploads\/2025\/07\/pexels-maumascaro-801863-1024x683.jpg 1024w, https:\/\/ideance.net\/blog\/wp-content\/uploads\/2025\/07\/pexels-maumascaro-801863-300x200.jpg 300w, https:\/\/ideance.net\/blog\/wp-content\/uploads\/2025\/07\/pexels-maumascaro-801863-768x512.jpg 768w, https:\/\/ideance.net\/blog\/wp-content\/uploads\/2025\/07\/pexels-maumascaro-801863-1536x1024.jpg 1536w, https:\/\/ideance.net\/blog\/wp-content\/uploads\/2025\/07\/pexels-maumascaro-801863-2048x1365.jpg 2048w, https:\/\/ideance.net\/blog\/wp-content\/uploads\/2025\/07\/pexels-maumascaro-801863-18x12.jpg 18w\" sizes=\"auto, (max-width: 1024px) 100vw, 1024px\" \/><\/figure>\n\n\n\n<h2 class=\"wp-block-heading\">Comment passe-t-on de la langue des signes \u00e0 un art de sc\u00e8ne ?<\/h2>\n\n\n\n<p>Au d\u00e9but, c\u2019\u00e9tait artisanal. On reprenait des chansons comme <a href=\"https:\/\/www.youtube.com\/watch?v=a2_ss9y-VjE&amp;list=RDa2_ss9y-VjE&amp;start_radio=1\">\u00ab\u00a0Sous le vent\u00a0\u00bb de Garou et C\u00e9line Dion<\/a>, ou du Michael Jackson (parce que visuellement, \u00e7a marchait).<\/p>\n\n\n\n<p>Petit \u00e0 petit, on a commenc\u00e9 \u00e0 faire des animations dans des foyers, puis des sc\u00e8nes.<\/p>\n\n\n\n<p>Et un jour, j\u2019ai voulu aller plus loin : <strong>travailler avec les artistes eux-m\u00eames<\/strong>, construire une vraie pr\u00e9sence sur sc\u00e8ne, pas juste une \u00ab interpr\u00e8te sur le c\u00f4t\u00e9 \u00bb.<\/p>\n\n\n\n<figure class=\"wp-block-image size-large\" role=\"figure\" aria-label=\"MOHICAN sur sc\u00e8ne \u00e0 Toulouse\"><img loading=\"lazy\" decoding=\"async\" width=\"1024\" height=\"576\" src=\"https:\/\/ideance.net\/blog\/wp-content\/uploads\/2025\/07\/Mohican_Toulouse-1024x576.png\" alt=\"Deux artistes sur sc\u00e8ne : une personne chante dans un micro, et Laety, en pleine interpr\u00e9tation en chansigne, saute \u00e9nergiquement \u00e0 ses c\u00f4t\u00e9s.\" class=\"wp-image-4175\" srcset=\"https:\/\/ideance.net\/blog\/wp-content\/uploads\/2025\/07\/Mohican_Toulouse-1024x576.png 1024w, https:\/\/ideance.net\/blog\/wp-content\/uploads\/2025\/07\/Mohican_Toulouse-300x169.png 300w, https:\/\/ideance.net\/blog\/wp-content\/uploads\/2025\/07\/Mohican_Toulouse-768x432.png 768w, https:\/\/ideance.net\/blog\/wp-content\/uploads\/2025\/07\/Mohican_Toulouse-1536x864.png 1536w, https:\/\/ideance.net\/blog\/wp-content\/uploads\/2025\/07\/Mohican_Toulouse-18x10.png 18w, https:\/\/ideance.net\/blog\/wp-content\/uploads\/2025\/07\/Mohican_Toulouse.png 1920w\" sizes=\"auto, (max-width: 1024px) 100vw, 1024px\" \/><figcaption class=\"wp-element-caption\">MOHICAN sur sc\u00e8ne \u00e0 Toulouse<\/figcaption><\/figure>\n\n\n\n<p>J\u2019ai collabor\u00e9 avec le groupe <a href=\"https:\/\/fr.wikipedia.org\/wiki\/Fumuj\">Fumuj<\/a>, dont le rappeur est aujourd&rsquo;hui l&rsquo;un des fondateurs de <a href=\"https:\/\/hmahumanites.wordpress.com\/2017\/05\/03\/chill-bump\/\">Chill Bump<\/a>. J\u2019ai \u00e9galement collabor\u00e9 avec <a href=\"https:\/\/www.youtube.com\/user\/DJAZAFAZ\">Djazafaz<\/a> (hip-hop jazz), <a href=\"https:\/\/imfromrennes.com\/artistes\/mohican\/\">Mohican<\/a> (\u00e9lectro chanson urbaine), <a href=\"https:\/\/www.manivelswing.com\/\">Manivelswing <\/a>(chanson fran\u00e7aise \u00e0 l\u2019orgue de barbarie), ou encore <a href=\"http:\/\/claire.penisson.free.fr\/\">Claire P\u00e9nisson<\/a>, chanteuse lyrique.<\/p>\n\n\n\n<p>Chaque collaboration m\u2019a permis d\u2019explorer un<strong> style diff\u00e9rent<\/strong>, d\u2019inventer de <strong>nouveaux codes sc\u00e9niques<\/strong>, et de faire du chansigne une v\u00e9ritable <strong>discipline artistique<\/strong>.<\/p>\n\n\n\n<h2 class=\"wp-block-heading\">Comment se construit un morceau en chansigne ? Y a-t-il une \u00ab\u00a0partition\u00a0\u00bb pour les mains ?<\/h2>\n\n\n\n<p><strong>Oui, j\u2019ai mes partitions \u00e0 moi<\/strong> : des codes \u00e9crits, des notes, des vid\u00e9os de r\u00e9f\u00e9rence.<\/p>\n\n\n\n<p>Mais on n\u2019a pas encore de syst\u00e8me d\u2019\u00e9criture standardis\u00e9 pour la LSF.<br>Alors je filme, je note, je structure.<\/p>\n\n\n\n<figure class=\"wp-block-image size-large\"><img loading=\"lazy\" decoding=\"async\" width=\"1024\" height=\"683\" src=\"https:\/\/ideance.net\/blog\/wp-content\/uploads\/2025\/07\/pexels-yankrukov-8519665-1024x683.jpg\" alt=\"\" class=\"wp-image-4180\" srcset=\"https:\/\/ideance.net\/blog\/wp-content\/uploads\/2025\/07\/pexels-yankrukov-8519665-1024x683.jpg 1024w, https:\/\/ideance.net\/blog\/wp-content\/uploads\/2025\/07\/pexels-yankrukov-8519665-300x200.jpg 300w, https:\/\/ideance.net\/blog\/wp-content\/uploads\/2025\/07\/pexels-yankrukov-8519665-768x512.jpg 768w, https:\/\/ideance.net\/blog\/wp-content\/uploads\/2025\/07\/pexels-yankrukov-8519665-1536x1024.jpg 1536w, https:\/\/ideance.net\/blog\/wp-content\/uploads\/2025\/07\/pexels-yankrukov-8519665-2048x1365.jpg 2048w, https:\/\/ideance.net\/blog\/wp-content\/uploads\/2025\/07\/pexels-yankrukov-8519665-18x12.jpg 18w\" sizes=\"auto, (max-width: 1024px) 100vw, 1024px\" \/><\/figure>\n\n\n\n<p>Mon processus de travail se fait en quatre \u00e9tapes :<\/p>\n\n\n\n<ol class=\"wp-block-list\">\n<li><strong>Comprendre l\u2019univers artistique<\/strong> : qui est l\u2019artiste, de quoi parle-t-il, quel est le ton, le style ?<\/li>\n\n\n\n<li><strong>Traduction ou cr\u00e9ation<\/strong> : si c\u2019est une reprise, je travaille d\u2019abord sans musique, pour traduire les paroles. Si c\u2019est une cr\u00e9ation, je commence souvent par le refrain (c\u2019est l\u2019essence du morceau).<\/li>\n\n\n\n<li><strong>Mise en rythme<\/strong> : je cherche la fluidit\u00e9 corporelle, je teste les signes pour voir s\u2019ils \u00ab tiennent \u00bb sur la musique.<\/li>\n\n\n\n<li><strong>R\u00e9p\u00e9tition<\/strong> : je r\u00e9p\u00e8te jusqu\u2019\u00e0 conna\u00eetre le morceau par c\u0153ur, comme un com\u00e9dien ou un musicien.<\/li>\n<\/ol>\n\n\n\n<h2 class=\"wp-block-heading\">Et l\u2019aspect technique ?<\/h2>\n\n\n\n<p>\u00catre chansigneuse, c\u2019est aussi se confronter aux r\u00e9alit\u00e9s mat\u00e9rielles :<strong> lumi\u00e8res mal r\u00e9gl\u00e9es, temps de balances inexistants, r\u00e9glages sonores inadapt\u00e9s<\/strong>\u2026<\/p>\n\n\n\n<p>Le visage est un outil principal en LSF. On a besoin d\u2019un \u00e9clairage comme un chanteur a besoin d\u2019un micro.<\/p>\n\n\n\n<p>Quand elle est int\u00e9gr\u00e9e \u00e0 une \u00e9quipe artistique, elle peut travailler avec des techniciens lumi\u00e8re et son pour synchroniser le tout, <strong>rendre la musique visuelle<\/strong>.<\/p>\n\n\n\n<h2 class=\"wp-block-heading\">Le corps comme instrument, l\u2019\u00e9motion comme moteur<\/h2>\n\n\n\n<p>Pour moi, le chansigne, ce n\u2019est pas juste signer avec les mains. C\u2019est tout le corps qui parle : le visage, les \u00e9paules, la posture, le regard\u2026 Chaque d\u00e9tail compte. Chaque signe doit <strong>porter une \u00e9motion<\/strong>.<\/p>\n\n\n\n<p>Je ne peux pas interpr\u00e9ter une chanson si je ne la vis pas moi-m\u00eame. Tant que je n\u2019ai pas r<strong>essenti pleinement ce que je dois transmettre<\/strong>, je ne suis pas pr\u00eate \u00e0 monter sur sc\u00e8ne.<\/p>\n\n\n\n<figure class=\"wp-block-image size-large\" role=\"figure\" aria-label=\"Photographe Made By Mell\"><img loading=\"lazy\" decoding=\"async\" width=\"1024\" height=\"683\" src=\"https:\/\/ideance.net\/blog\/wp-content\/uploads\/2025\/07\/MDR_MadeByMell-1024x683.jpg\" alt=\"Laety, en plein chansigne, exprime intens\u00e9ment une \u00e9motion avec la bouche grande ouverte, les yeux pliss\u00e9s, le buste pench\u00e9 en arri\u00e8re, les bras tendus et courb\u00e9s, devant un mur de briques.\" class=\"wp-image-4186\" srcset=\"https:\/\/ideance.net\/blog\/wp-content\/uploads\/2025\/07\/MDR_MadeByMell-1024x683.jpg 1024w, https:\/\/ideance.net\/blog\/wp-content\/uploads\/2025\/07\/MDR_MadeByMell-300x200.jpg 300w, https:\/\/ideance.net\/blog\/wp-content\/uploads\/2025\/07\/MDR_MadeByMell-768x512.jpg 768w, https:\/\/ideance.net\/blog\/wp-content\/uploads\/2025\/07\/MDR_MadeByMell-1536x1024.jpg 1536w, https:\/\/ideance.net\/blog\/wp-content\/uploads\/2025\/07\/MDR_MadeByMell-2048x1366.jpg 2048w, https:\/\/ideance.net\/blog\/wp-content\/uploads\/2025\/07\/MDR_MadeByMell-18x12.jpg 18w\" sizes=\"auto, (max-width: 1024px) 100vw, 1024px\" \/><figcaption class=\"wp-element-caption\">Photographe <span lang=\"en\">Made by Mell<\/span><\/figcaption><\/figure>\n\n\n\n<h2 class=\"wp-block-heading\">Est-ce un m\u00e9tier reconnu aujourd\u2019hui ?<\/h2>\n\n\n\n<p>Malheureusement, <strong>non<\/strong>. Aujourd\u2019hui, \u00eatre chansigneuse, c\u2019est exercer un m\u00e9tier qui <strong>n\u2019existe pas officiellement.<\/strong> Il n\u2019y a pas de statut reconnu, pas de convention collective, pas de cadre de travail clair.<\/p>\n\n\n\n<p>Je suis parfois engag\u00e9e comme artiste, parfois comme interpr\u00e8te, parfois rien du tout. Et pourtant, ce que je fais, ce n\u2019est pas \u201cde la traduction\u201d ou \u201cde l\u2019accessibilit\u00e9\u201d. C\u2019est de la <strong>cr\u00e9ation artistique<\/strong>.<\/p>\n\n\n\n<p>Adapter une chanson peut me prendre entre <strong>20 et 30 heures de travail<\/strong>, selon sa complexit\u00e9. Ce n\u2019est pas une option qu\u2019on colle \u00e0 la fin. C\u2019est une <strong>performance sc\u00e9nique \u00e0 part enti\u00e8re<\/strong>.<\/p>\n\n\n\n<p>Mais dans les faits, je me retrouve souvent avec une consigne du genre : \u00ab mets-toi l\u00e0, mais ne bouge pas trop \u00bb. Le probl\u00e8me, c\u2019est que <strong>mon corps est mon instrument<\/strong>. Si je ne peux pas bouger, je ne peux pas chanter.<\/p>\n\n\n\n<p>Heureusement, les choses changent. Certains festivals s\u2019ouvrent, des artistes me sollicitent en direct. Mais pour aller plus loin, il faudra qu\u2019on reconnaisse officiellement que ce m\u00e9tier existe. Qu\u2019il a une valeur. Et qu\u2019il m\u00e9rite qu\u2019on lui construise <strong>un vrai espace artistique et professionnel<\/strong>.<\/p>\n\n\n\n<h2 class=\"wp-block-heading\">L\u2019accessibilit\u00e9 au spectacle<\/h2>\n\n\n\n<p>Pour moi, l\u2019accessibilit\u00e9 ne commence pas sur sc\u00e8ne. Elle commence bien avant. Il faut penser l\u2019accessibilit\u00e9 comme un tout.<\/p>\n\n\n\n<p>D\u2019abord, <strong>il faut informer en amont<\/strong> : avec des vid\u00e9os en LSF, des annonces claires sur le style musical, et des sous-titres bien contrast\u00e9s. Ce sont des d\u00e9tails qui changent tout, surtout quand on veut vraiment toucher un public sourd.<\/p>\n\n\n\n<p>Ensuite, <strong>l\u2019accueil du public sourd doit \u00eatre digne<\/strong>. \u00c7a veut dire avoir du personnel form\u00e9, sensibilis\u00e9, et si possible des personnes sourdes elles-m\u00eames dans l\u2019\u00e9quipe d\u2019accueil. Une simple signal\u00e9tique visuelle ou un petit mot en LSF \u00e0 l\u2019entr\u00e9e, \u00e7a peut faire une vraie diff\u00e9rence.<\/p>\n\n\n\n<p>Et bien s\u00fbr, <strong>sur sc\u00e8ne, l\u2019interpr\u00e9tation doit \u00eatre int\u00e9gr\u00e9e<\/strong>, pas rel\u00e9gu\u00e9e sur le bord. Le public ne devrait jamais avoir \u00e0 choisir entre \u00ab regarder son artiste pr\u00e9f\u00e9r\u00e9 \u00bb et \u00ab comprendre ce qu\u2019il dit \u00bb.<\/p>\n\n\n\n<p>Quand un sourd doit choisir entre regarder le chanteur ou l\u2019interpr\u00e8te, il perd toujours une partie du spectacle.<\/p>\n\n\n\n<figure class=\"wp-block-image size-large\"><img loading=\"lazy\" decoding=\"async\" width=\"1024\" height=\"683\" src=\"https:\/\/ideance.net\/blog\/wp-content\/uploads\/2025\/07\/pexels-rdne-10031274-1024x683.jpg\" alt=\"\" class=\"wp-image-4193\" srcset=\"https:\/\/ideance.net\/blog\/wp-content\/uploads\/2025\/07\/pexels-rdne-10031274-1024x683.jpg 1024w, https:\/\/ideance.net\/blog\/wp-content\/uploads\/2025\/07\/pexels-rdne-10031274-300x200.jpg 300w, https:\/\/ideance.net\/blog\/wp-content\/uploads\/2025\/07\/pexels-rdne-10031274-768x512.jpg 768w, https:\/\/ideance.net\/blog\/wp-content\/uploads\/2025\/07\/pexels-rdne-10031274-1536x1024.jpg 1536w, https:\/\/ideance.net\/blog\/wp-content\/uploads\/2025\/07\/pexels-rdne-10031274-2048x1365.jpg 2048w, https:\/\/ideance.net\/blog\/wp-content\/uploads\/2025\/07\/pexels-rdne-10031274-18x12.jpg 18w\" sizes=\"auto, (max-width: 1024px) 100vw, 1024px\" \/><\/figure>\n\n\n\n<h2 class=\"wp-block-heading\">Est-ce que le chansigne est r\u00e9serv\u00e9 \u00e0 certaines musiques ? \u00c0 certaines langues ?<\/h2>\n\n\n\n<p>Absolument pas. J\u2019ai chansign\u00e9 du <strong>rap<\/strong>, du <strong>lyrique<\/strong>, de la <strong>chanson fran\u00e7aise<\/strong>, du <strong>dub<\/strong>\u2026<\/p>\n\n\n\n<p>J\u2019ai m\u00eame travaill\u00e9 en<strong> langue des signes am\u00e9ricaine<\/strong> pour des morceaux en anglais, et je me forme maintenant \u00e0 la <strong>langue des signes internationale<\/strong>.<\/p>\n\n\n\n<p>Chaque musique a sa propre <strong>rythmique<\/strong>, sa propre <strong>iconicit\u00e9<\/strong>. Par exemple, un concert de rock ne se mime pas comme un concert d\u2019op\u00e9ra ou de reggae. J\u2019essaie de faire passer ces codes visuels, m\u00eame quand le public sourd ne conna\u00eet pas l\u2019histoire de la musique.<\/p>\n\n\n\n<figure class=\"wp-block-image size-large\" role=\"figure\" aria-label=\"MOHICAN. Photographe Nicolas Pehe\"><img loading=\"lazy\" decoding=\"async\" width=\"1024\" height=\"682\" src=\"https:\/\/ideance.net\/blog\/wp-content\/uploads\/2025\/07\/Mohican_Nicolas-Pehe-1024x682.jpg\" alt=\"Laety chansigne sur sc\u00e8ne aux c\u00f4t\u00e9s d\u2019un chanteur, une jambe lev\u00e9e et les mains sur la t\u00eate, entour\u00e9e de musiciens.\" class=\"wp-image-4195\" srcset=\"https:\/\/ideance.net\/blog\/wp-content\/uploads\/2025\/07\/Mohican_Nicolas-Pehe-1024x682.jpg 1024w, https:\/\/ideance.net\/blog\/wp-content\/uploads\/2025\/07\/Mohican_Nicolas-Pehe-300x200.jpg 300w, https:\/\/ideance.net\/blog\/wp-content\/uploads\/2025\/07\/Mohican_Nicolas-Pehe-768x512.jpg 768w, https:\/\/ideance.net\/blog\/wp-content\/uploads\/2025\/07\/Mohican_Nicolas-Pehe-1536x1023.jpg 1536w, https:\/\/ideance.net\/blog\/wp-content\/uploads\/2025\/07\/Mohican_Nicolas-Pehe-18x12.jpg 18w, https:\/\/ideance.net\/blog\/wp-content\/uploads\/2025\/07\/Mohican_Nicolas-Pehe.jpg 2048w\" sizes=\"auto, (max-width: 1024px) 100vw, 1024px\" \/><figcaption class=\"wp-element-caption\">MOHICAN. Photographe Nicolas Pehe<\/figcaption><\/figure>\n\n\n\n<h2 class=\"wp-block-heading\">Quelle est votre d\u00e9finition du chansigne, aujourd\u2019hui ?<\/h2>\n\n\n\n<p>C\u2019est une <strong>cr\u00e9ation po\u00e9tique, physique et visuelle<\/strong>.<\/p>\n\n\n\n<p>C\u2019est un <strong>art bilingue<\/strong>, biculturel, un pont entre deux mondes. Le chansigne n\u2019est pas l\u00e0 pour \u00ab aider les sourds \u00e0 comprendre \u00bb, il est l\u00e0 pour <strong>faire vivre la musique autrement<\/strong>.<\/p>\n\n\n\n<p>Quand je monte sur sc\u00e8ne, je veux que <strong>les entendants et les sourds rient ou pleurent en m\u00eame temps<\/strong>. Je veux <strong>partager une \u00e9motion<\/strong>, une \u00e9nergie, une pr\u00e9sence.<\/p>\n\n\n\n<h2 class=\"wp-block-heading\">Une chanson ou un artiste que vous aimez particuli\u00e8rement chansigner ?<\/h2>\n\n\n\n<p>J\u2019ai ador\u00e9 travailler sur <a href=\"https:\/\/fr.wikipedia.org\/wiki\/%C3%89dith_Piaf\"><strong>\u00c9dith Piaf<\/strong><\/a>.<br>Ses textes sont puissants, c\u2019est comme du rap : il y a du rythme, du sous-texte, de l\u2019histoire.<\/p>\n\n\n\n<p>Exemple&nbsp;en vid\u00e9o&nbsp;: Chansigne La\u00ebty x Edith Piaf \u00ab\u00a0La foule\u00a0\u00bb<\/p>\n\n\n\n<figure class=\"wp-block-embed is-type-video is-provider-youtube wp-block-embed-youtube wp-embed-aspect-16-9 wp-has-aspect-ratio\"><div class=\"wp-block-embed__wrapper\">\n<iframe title=\"Chansigne La\u00ebty x Edith Piaf La foule (lecteur vid\u00e9o YouTube)\" style=\"border: none;\" src=\"https:\/\/www.youtube.com\/embed\/05UNTgcL-q0?si=lt3wt1eZ6GvHdGO-\" allowfullscreen=\"allowfullscreen\"><\/iframe><\/div><\/figure>\n\n\n\n<div class=\"ice-transcript\">\n<button type=\"button\" data-toggle=\"collapse\" data-target=\"#transcript-video-3\" aria-expanded=\"false\" aria-controls=\"transcript-video-3\">\n<span role=\"heading\" aria-level=\"4\">Transcription textuelle<\/span>\n<\/button>\n<div class=\"collapse\" id=\"transcript-video-3\">\n<p>La\u00ebty x Edith Piaf \u00ab\u00a0La foule\u00a0\u00bb<br>Ceci n&rsquo;est pas un clip.<\/p>\n<p>Je revois la ville en f\u00eate et en d\u00e9lire<br>Suffoquant sous le soleil et sous la joie<br>Et j&rsquo;entends dans la musique les cris, les rires<br>Qui \u00e9clatent et rebondissent autour de moi<\/p>\n<p>Et perdue parmi ces gens qui me bousculent<br>\u00c9tourdie, d\u00e9sempar\u00e9e, je reste l\u00e0<br>Quand soudain, je me retourne, il se recule<br>Et la foule vient me jeter entre ses bras<\/p>\n<p>Emport\u00e9s par la foule qui nous tra\u00eene<br>Nous entra\u00eene, \u00e9cras\u00e9s l&rsquo;un contre l&rsquo;autre<br>Nous ne formons qu&rsquo;un seul corps<br>Et le flot sans effort nous pousse, encha\u00een\u00e9s l&rsquo;un et l&rsquo;autre<br>Et nous laisse tous deux \u00e9panouis, enivr\u00e9s et heureux<\/p>\n<p>Entra\u00een\u00e9s par la foule qui s&rsquo;\u00e9lance<br>Et qui danse une folle farandole<br>Nos deux mains restent soud\u00e9es<br>Et parfois soulev\u00e9s, nos deux corps enlac\u00e9s s&rsquo;envolent<br>Et retombent tous deux \u00e9panouis, enivr\u00e9s et heureux<\/p>\n<p>Et la joie \u00e9clabouss\u00e9e par son sourire<br>Me transperce et rejaillit au fond de moi<br>Mais soudain je pousse un cri parmi les rires<br>Quand la foule vient l&rsquo;arracher d&rsquo;entre mes bras<\/p>\n<p>Emport\u00e9s par la foule qui nous tra\u00eene<br>Nous entra\u00eene, nous \u00e9loigne l&rsquo;un de l&rsquo;autre<br>Je lutte et je me d\u00e9bats<br>Mais le son de ma voix s&rsquo;\u00e9touffe dans les rires des autres<br>Et je crie de douleur, de fureur et de rage et je pleure<\/p>\n<p>Et tra\u00een\u00e9e par la foule qui s&rsquo;\u00e9lance<br>Et qui danse une folle farandole<br>Je suis emport\u00e9e au loin<br>Et je crispe mes poings, maudissant la foule qui me vole<br>L&rsquo;homme qu&rsquo;elle m&rsquo;avait donn\u00e9 et que je n&rsquo;ai jamais retrouv\u00e9<\/p>\n<\/div>\n<\/div>\n\n\n\n<div class=\"wp-block-group\"><div class=\"wp-block-group__inner-container is-layout-constrained wp-block-group-is-layout-constrained\">\n<p>J\u2019ai aussi ador\u00e9 <a href=\"https:\/\/fr.wikipedia.org\/wiki\/Demi_Portion\"><strong>Demi Portion<\/strong><\/a> pour son humanit\u00e9 et son \u00e9nergie sc\u00e9nique. En ce moment, j\u2019\u00e9coute beaucoup de <a href=\"https:\/\/fr.wikipedia.org\/wiki\/Dub\"><strong>dub<\/strong><\/a>, \u00e7a me donne envie d\u2019\u00e9crire.<\/p>\n<\/div><\/div>\n\n\n\n<h2 class=\"wp-block-heading\">Pour conclure<\/h2>\n\n\n\n<p>Avec passion, humour et sinc\u00e9rit\u00e9, La\u00ebty nous a fait d\u00e9couvrir un <strong>univers fascinant<\/strong> o\u00f9 la langue des signes devient art de sc\u00e8ne.<\/p>\n\n\n\n<p>Plus qu\u2019un outil de communication, le chansigne est un<strong> langage \u00e9motionnel, corporel, collectif<\/strong>.<\/p>\n\n\n\n<p>En tant qu\u2019\u00e9quipe engag\u00e9e dans l\u2019accessibilit\u00e9, nous repartons de cet atelier avec une conviction renforc\u00e9e.<\/p>\n\n\n\n<p class=\"ice-block\"><strong>Vous souhaitez apprendre le chansigne, organiser un atelier ou un concert chansign\u00e9 ?<\/strong><br>La\u00ebty est joignable directement au +33 6 46 76 23 59 ou par email via <a href=\"mailto:laetysignmouv@gmail.com\">laetysignmouv@gmail.com<\/a>. Retrouvez-la aussi sur son site : <a href=\"https:\/\/www.laetysignmouv.com\/\">www.laetysignmouv.com<\/a>.<\/p>\n\n\n\n<h2 class=\"wp-block-heading\">\u00c0 d\u00e9couvrir : le livre de La\u00ebty<\/h2>\n\n\n\n<p>La\u00ebty a publi\u00e9 un livre<strong> \u00ab&nbsp;Sur les routes du Chansigne&nbsp;\u00bb <\/strong>m\u00ealant texte, vid\u00e9os en langue des signes, audio et cr\u00e9ations originales de chansigne.<\/p>\n\n\n\n<p>Dans ce livre, vous trouverez :<\/p>\n\n\n\n<ul class=\"wp-block-list\">\n<li>Des cr\u00e9ations in\u00e9dites en chansigne,<\/li>\n\n\n\n<li>Des QR codes pour acc\u00e9der \u00e0 des vid\u00e9os en LSF,<\/li>\n\n\n\n<li>Une version audio enregistr\u00e9e par La\u00ebty elle-m\u00eame,<\/li>\n\n\n\n<li>Des pistes de r\u00e9flexion sur l\u2019accessibilit\u00e9, la cr\u00e9ation, la transmission.<\/li>\n<\/ul>\n\n\n\n<p>Plus d\u2019infos sur : <a href=\"http:\/\/www.laetysignmouv.com\">www.laetysignmouv.com<\/a>.<\/p>","protected":false},"excerpt":{"rendered":"<p>Comment rendre la musique accessible aux personnes sourdes ? Et comment la langue des signes peut-elle devenir un art \u00e0 part enti\u00e8re, au m\u00eame titre que la danse ou le chant ?<\/p>","protected":false},"author":6,"featured_media":4211,"comment_status":"open","ping_status":"open","sticky":false,"template":"","format":"standard","meta":{"_acf_changed":false,"footnotes":""},"categories":[12,17],"tags":[],"class_list":["post-4147","post","type-post","status-publish","format-standard","has-post-thumbnail","hentry","category-sensibilisation","category-temoignage"],"acf":[],"_links":{"self":[{"href":"https:\/\/ideance.net\/blog\/en\/wp-json\/wp\/v2\/posts\/4147","targetHints":{"allow":["GET"]}}],"collection":[{"href":"https:\/\/ideance.net\/blog\/en\/wp-json\/wp\/v2\/posts"}],"about":[{"href":"https:\/\/ideance.net\/blog\/en\/wp-json\/wp\/v2\/types\/post"}],"author":[{"embeddable":true,"href":"https:\/\/ideance.net\/blog\/en\/wp-json\/wp\/v2\/users\/6"}],"replies":[{"embeddable":true,"href":"https:\/\/ideance.net\/blog\/en\/wp-json\/wp\/v2\/comments?post=4147"}],"version-history":[{"count":86,"href":"https:\/\/ideance.net\/blog\/en\/wp-json\/wp\/v2\/posts\/4147\/revisions"}],"predecessor-version":[{"id":4882,"href":"https:\/\/ideance.net\/blog\/en\/wp-json\/wp\/v2\/posts\/4147\/revisions\/4882"}],"wp:featuredmedia":[{"embeddable":true,"href":"https:\/\/ideance.net\/blog\/en\/wp-json\/wp\/v2\/media\/4211"}],"wp:attachment":[{"href":"https:\/\/ideance.net\/blog\/en\/wp-json\/wp\/v2\/media?parent=4147"}],"wp:term":[{"taxonomy":"category","embeddable":true,"href":"https:\/\/ideance.net\/blog\/en\/wp-json\/wp\/v2\/categories?post=4147"},{"taxonomy":"post_tag","embeddable":true,"href":"https:\/\/ideance.net\/blog\/en\/wp-json\/wp\/v2\/tags?post=4147"}],"curies":[{"name":"wp","href":"https:\/\/api.w.org\/{rel}","templated":true}]}}