{"id":1,"name":"S\u00e9bastien Delorme","url":"https:\/\/ideance.net\/blog","description":"Expert et consultant en accessibilit\u00e9 num\u00e9rique, j'accompagne et forme les entreprise et organismes publics depuis plus de 15 ans sur ces questions. En 2019, je fonde <strong>Ideance<\/strong>, soci\u00e9t\u00e9 sp\u00e9cialis\u00e9e dans le conseil, la formation, l'audit et l'expertise accessibilit\u00e9 en num\u00e9rique.","link":"https:\/\/ideance.net\/blog\/en\/author\/sebastien-delorme\/","slug":"sebastien-delorme","avatar_urls":{"24":"https:\/\/ideance.net\/blog\/wp-content\/uploads\/2022\/09\/sebastien-scaled-e1662623871808-150x150.jpg","48":"https:\/\/ideance.net\/blog\/wp-content\/uploads\/2022\/09\/sebastien-scaled-e1662623871808-150x150.jpg","96":"https:\/\/ideance.net\/blog\/wp-content\/uploads\/2022\/09\/sebastien-scaled-e1662623871808-150x150.jpg"},"meta":[],"acf":[],"_links":{"self":[{"href":"https:\/\/ideance.net\/blog\/en\/wp-json\/wp\/v2\/users\/1","targetHints":{"allow":["GET"]}}],"collection":[{"href":"https:\/\/ideance.net\/blog\/en\/wp-json\/wp\/v2\/users"}]}}