{"id":2341,"date":"2024-07-17T09:30:01","date_gmt":"2024-07-17T07:30:01","guid":{"rendered":"https:\/\/ideance.net\/blog\/?p=2341"},"modified":"2025-07-31T11:41:07","modified_gmt":"2025-07-31T09:41:07","slug":"stephane-hagues-lexperience-du-numerique-en-tant-que-personne-aveugle","status":"publish","type":"post","link":"https:\/\/ideance.net\/blog\/2341\/stephane-hagues-lexperience-du-numerique-en-tant-que-personne-aveugle\/","title":{"rendered":"St\u00e9phane Hagues : L\u2019exp\u00e9rience du num\u00e9rique en tant que personne aveugle"},"content":{"rendered":"\n<p>Ce t\u00e9moignage a pour but de sensibiliser \u00e0 l\u2019accessibilit\u00e9 num\u00e9rique, gr\u00e2ce \u00e0 un retour d&rsquo;exp\u00e9rience d\u2019une personne aveugle.<\/p>\n\n\n\n<p>Pour permettre une compr\u00e9hension plus fine des besoins li\u00e9s \u00e0 un handicap visuel.<\/p>\n\n\n\n<h2 class=\"wp-block-heading\">Pouvez-vous vous pr\u00e9senter en quelques mots ?<\/h2>\n\n\n<div class=\"wp-block-image wp-block-image with-dark-border with-shadow with-border-radius\">\n<figure class=\"aligncenter\"><img loading=\"lazy\" decoding=\"async\" width=\"280\" height=\"359\" src=\"https:\/\/ideance.net\/blog\/wp-content\/uploads\/2024\/07\/Hagues1-1.jpg\" alt=\"Photographie portrait de St\u00e9phane Hagues, de profil, tapant sur le clavier d'un ordinateur.\" class=\"wp-image-2394\" srcset=\"https:\/\/ideance.net\/blog\/wp-content\/uploads\/2024\/07\/Hagues1-1.jpg 280w, https:\/\/ideance.net\/blog\/wp-content\/uploads\/2024\/07\/Hagues1-1-234x300.jpg 234w, https:\/\/ideance.net\/blog\/wp-content\/uploads\/2024\/07\/Hagues1-1-9x12.jpg 9w\" sizes=\"auto, (max-width: 280px) 100vw, 280px\" \/><\/figure>\n<\/div>\n\n\n<p>Je m\u2019appelle St\u00e9phane Hagues.<br>Je suis <strong>aveugle de naissance.<\/strong><\/p>\n\n\n\n<p>J\u2019ai \u00e9t\u00e9 scolaris\u00e9 au <strong><a href=\"https:\/\/centrenormandielorraine.org\/\">centre pour malvoyants Normandie Lorraine<\/a>. <\/strong><br>Avant, nous ne parlions pas de malvoyant, mais d\u2019amblyopes. Les mots changent.<br>J\u2019ai \u00e9t\u00e9 le premier aveugle \u00e0 rejoindre ce centre.<br>Je suis parti de ce centre d\u00e8s la classe de 6\u00e8me car les professeurs du coll\u00e8ge ne connaissaient pas le braille.<\/p>\n\n\n\n<p>Je suis donc all\u00e9 \u00e0 Paris o\u00f9 j\u2019ai rejoint <a href=\"http:\/\/www.inja.fr\/\"><strong>l&rsquo;Institut National des Jeunes Aveugles<\/strong><\/a>, avant de retourner en Normandie pour continuer la suite de mes \u00e9tudes.<\/p>\n\n\n\n<p>Apr\u00e8s mon bac, j&rsquo;ai fait une <strong>\u00e9cole de radio et travaill\u00e9 dans la radio libre <\/strong>pendant une dizaine d\u2019ann\u00e9es.<br>Ma passion depuis de nombreuses ann\u00e9es est la musique.<br>Je suis un DJ passionn\u00e9.<\/p>\n\n\n<div class=\"wp-block-image\">\n<figure class=\"aligncenter is-resized\"><img decoding=\"async\" src=\"https:\/\/ideance.net\/blog\/wp-content\/uploads\/2024\/07\/1987_004.jpg\" alt=\"Photographie portrait de St\u00e9phane Hagues, de profil, avec un casque sur les oreilles et un micro devant lui. Il est en train d'utiliser une table de mixage.\" class=\"wp-image-2347\" style=\"width:617px;height:auto\"\/><\/figure>\n<\/div>\n\n\n<p>J&rsquo;ai \u00e9galement un <strong>Bac +6 en anglais<\/strong>.<\/p>\n\n\n\n<p>Je souhaitais <strong>passer l\u2019agr\u00e9gation, mais je n&rsquo;ai pas pu \u00e0 cause des discriminations <\/strong>sur mon handicap. <br>En effet, les interlocuteurs am\u00e9ricains comme anglais ont refus\u00e9 de faire l\u2019\u00e9change traditionnel \u00e0 effectuer avant l\u2019agr\u00e9gation.<br>Ces \u00e9changes n\u2019ont \u00e9galement pas \u00e9t\u00e9 encourag\u00e9s par l\u2019universit\u00e9 de Rouen.<\/p>\n\n\n\n<h3 class=\"wp-block-heading\">Pourquoi vous \u00eates-vous tourn\u00e9 vers l&rsquo;informatique ?<\/h3>\n\n\n\n<p>La num\u00e9risation des livres n\u00e9cessaire \u00e0 mes \u00e9tudes, additionn\u00e9e \u00e0 la discrimination m\u2019a amen\u00e9 \u00e0 me d\u00e9tourner de ma vocation premi\u00e8re pour me diriger vers l\u2019informatique.<\/p>\n\n\n\n<p>L\u2019informatique \u00e9tait en grand essor.<br>C\u2019\u00e9tait dans les ann\u00e9es 90.<br>J\u2019ai commenc\u00e9 dans ce domaine avec un ami ing\u00e9nieur qui m\u2019a donn\u00e9 les bases pour ensuite continuer en <strong>autodidacte<\/strong>.<\/p>\n\n\n\n<p>Pendant plusieurs ann\u00e9es, j\u2019ai <strong>scann\u00e9 des magazines sp\u00e9cialis\u00e9s en informatique<\/strong> que je souhaitais lire, tels que les magazines \u00ab&nbsp;PC expert&nbsp;\u00bb.<br>Ces scans m\u2019ont permis d\u2019avoir la retranscription sonore des textes.<\/p>\n\n\n<div class=\"wp-block-image\">\n<figure class=\"aligncenter size-medium is-resized\"><img loading=\"lazy\" decoding=\"async\" width=\"225\" height=\"300\" src=\"https:\/\/ideance.net\/blog\/wp-content\/uploads\/2024\/07\/revue01445-225x300.jpg\" alt=\"Photographie de la premi\u00e8re page de couverture d'un magazine PC expert. Les titres \u00e0 la unes sont : Le guide des meilleurs produits, des innovations r\u00e9volutionnaires pour votre PC, Le hit des CD-ROM, PME \/ PMI 8 points cl\u00e9s pour monter votre r\u00e9seau.\" class=\"wp-image-2352\" style=\"width:285px;height:auto\" srcset=\"https:\/\/ideance.net\/blog\/wp-content\/uploads\/2024\/07\/revue01445-225x300.jpg 225w, https:\/\/ideance.net\/blog\/wp-content\/uploads\/2024\/07\/revue01445-766x1024.jpg 766w, https:\/\/ideance.net\/blog\/wp-content\/uploads\/2024\/07\/revue01445-768x1026.jpg 768w, https:\/\/ideance.net\/blog\/wp-content\/uploads\/2024\/07\/revue01445-1149x1536.jpg 1149w, https:\/\/ideance.net\/blog\/wp-content\/uploads\/2024\/07\/revue01445-9x12.jpg 9w, https:\/\/ideance.net\/blog\/wp-content\/uploads\/2024\/07\/revue01445.jpg 1264w\" sizes=\"auto, (max-width: 225px) 100vw, 225px\" \/><\/figure>\n<\/div>\n\n\n<p>Mon travail acharn\u00e9 et ma passion m\u2019ont permis d\u2019<strong>acqu\u00e9rir des comp\u00e9tences solides<\/strong> et de faire de l\u2019informatique <strong>mon expertise<\/strong>.<\/p>\n\n\n\n<p>J\u2019ai alors \u00e9t\u00e9 embauch\u00e9 pour mes connaissances chez <a href=\"https:\/\/www.ceciaa.com\/\">CECIAA<\/a><strong>.<\/strong><br>CECIAA est une entreprise engag\u00e9e dans l&rsquo;int\u00e9gration des personnes d\u00e9ficientes visuelles.<\/p>\n\n\n\n<p>J\u2019ai commenc\u00e9 par r\u00e9aliser de nombreux voyages en France, afin de <strong>faire d\u00e9couvrir un syst\u00e8me de feu sonore <\/strong>pour l\u2019accessibilit\u00e9 des voiries.<\/p>\n\n\n\n<p>Il s\u2019agit d\u2019ailleurs du syst\u00e8me actuel utilis\u00e9 entre autres pour les feux sonores.<\/p>\n\n\n\n<figure class=\"wp-block-image size-full\"><img loading=\"lazy\" decoding=\"async\" width=\"1000\" height=\"500\" src=\"https:\/\/ideance.net\/blog\/wp-content\/uploads\/2024\/07\/okeenea-a-equipe-les-1-200-traversees-pietonnes-de-la-metropole-de-lyon-photo-dr-1545857077.jpg\" alt=\"\" class=\"wp-image-2355\" srcset=\"https:\/\/ideance.net\/blog\/wp-content\/uploads\/2024\/07\/okeenea-a-equipe-les-1-200-traversees-pietonnes-de-la-metropole-de-lyon-photo-dr-1545857077.jpg 1000w, https:\/\/ideance.net\/blog\/wp-content\/uploads\/2024\/07\/okeenea-a-equipe-les-1-200-traversees-pietonnes-de-la-metropole-de-lyon-photo-dr-1545857077-300x150.jpg 300w, https:\/\/ideance.net\/blog\/wp-content\/uploads\/2024\/07\/okeenea-a-equipe-les-1-200-traversees-pietonnes-de-la-metropole-de-lyon-photo-dr-1545857077-768x384.jpg 768w, https:\/\/ideance.net\/blog\/wp-content\/uploads\/2024\/07\/okeenea-a-equipe-les-1-200-traversees-pietonnes-de-la-metropole-de-lyon-photo-dr-1545857077-18x9.jpg 18w\" sizes=\"auto, (max-width: 1000px) 100vw, 1000px\" \/><\/figure>\n\n\n\n<p>Puis j\u2019ai ensuite r\u00e9alis\u00e9 :<\/p>\n\n\n\n<ul class=\"wp-block-list\">\n<li>des travaux de traduction<\/li>\n\n\n\n<li>du support technique<\/li>\n\n\n\n<li>des d\u00e9monstrations de mat\u00e9riel adapt\u00e9<\/li>\n\n\n\n<li>des formations en bureautique (Word, Excel, plage Braille, JAWS, etc.)<\/li>\n\n\n\n<li>de la veille sur l\u2019accessibilit\u00e9 et le HTML<\/li>\n<\/ul>\n\n\n\n<p>J&rsquo;ai aussi contribu\u00e9 \u00e0 la deuxi\u00e8me version du site de CECIAA et \u00e0 l&rsquo;adaptation des scripts d&rsquo;installation pour JAWS.<\/p>\n\n\n\n<p>J\u2019ai ensuite \u00e9volu\u00e9 professionnellement.<br>J\u2019ai suivi des <strong>formations d&rsquo;administrateur r\u00e9seau<\/strong> avec des comp\u00e9tences vari\u00e9es telles que&nbsp;:<\/p>\n\n\n\n<ul class=\"wp-block-list\">\n<li>Active Directory <\/li>\n\n\n\n<li>SQL<\/li>\n\n\n\n<li>Linux<\/li>\n\n\n\n<li>Unix<\/li>\n\n\n\n<li>PHP<\/li>\n\n\n\n<li>JavaScript<\/li>\n\n\n\n<li>etc.<\/li>\n<\/ul>\n\n\n\n<p>J\u2019ai \u00e9galement obtenu <strong>3 certifications Microsoft<\/strong>, notamment en n\u00e9gociant un temps suppl\u00e9mentaire en raison de mon handicap.<\/p>\n\n\n\n<p>J\u2019ai obtenu la <a href=\"https:\/\/mvp.microsoft.com\/fr-FR\/mvp\"><strong>distinction MVP <span lang=\"en\">(most valuable professional)<\/span> par Microsoft<\/strong><\/a>, pendant environ 5 ou 6 ans cons\u00e9cutifs. Cette distinction reconnait les acteurs de la communaut\u00e9 Microsoft pour leurs participations aux forums utilisateurs&nbsp;afin de <strong>r\u00e9soudre des probl\u00e9matiques et apporter une expertise <\/strong>\u00e0 propos de sujets pointus.<\/p>\n\n\n\n<p>Je suis parti de CECIAA en 2006 et je suis devenu <strong>professeur de bureautique \u00e0 l&rsquo;Institut National des Jeunes Aveugles<\/strong>.<br>J\u2019ai d\u00e9cid\u00e9 de quitter l&rsquo;enseignement en juin 2023.<\/p>\n\n\n\n<h3 class=\"wp-block-heading\">Quels sont vos objectifs actuels ?<\/h3>\n\n\n\n<p>Je suis <strong>actuellement \u00e0 mon compte<\/strong> pour fournir des formations dans le domaine de la bureautique et du conseil en accessibilit\u00e9 num\u00e9rique.<\/p>\n\n\n\n<p class=\"ice-block is-chapo\">Vous pouvez me contacter par mail \u00e0 l\u2019adresse <a href=\"mailto:stephane.hagues@gmail.com\">stephane.hagues@gmail.com<\/a><\/p>\n\n\n\n<h2 class=\"wp-block-heading\">Pouvez-vous nous parler de votre rapport au num\u00e9rique ?<\/h2>\n\n\n\n<p>En tant que passionn\u00e9 de technologie, je suis souvent <strong>qualifi\u00e9 de geek<\/strong>, bien que je remette parfois en question cette \u00e9tiquette.<\/p>\n\n\n\n<p>J\u2019utilise quotidiennement la bureautique et le num\u00e9rique.<br>J\u2019utilise Windows, et je poss\u00e8de un iPhone.<\/p>\n\n\n\n<p>Mon parcours informatique remonte \u00e0 mes premiers pas sous DOS 5 avec les fameuses lignes de commande. <br>C\u2019\u00e9tait une \u00e9poque o\u00f9 les interfaces utilisateur \u00e9taient bien moins conviviales qu&rsquo;aujourd&rsquo;hui.<\/p>\n\n\n\n<figure class=\"wp-block-image size-full\"><img loading=\"lazy\" decoding=\"async\" width=\"720\" height=\"160\" src=\"https:\/\/ideance.net\/blog\/wp-content\/uploads\/2024\/07\/MS-DOS_5.00.409_Beta-e1721124243824.png\" alt=\"\" class=\"wp-image-2366\" srcset=\"https:\/\/ideance.net\/blog\/wp-content\/uploads\/2024\/07\/MS-DOS_5.00.409_Beta-e1721124243824.png 720w, https:\/\/ideance.net\/blog\/wp-content\/uploads\/2024\/07\/MS-DOS_5.00.409_Beta-e1721124243824-300x67.png 300w, https:\/\/ideance.net\/blog\/wp-content\/uploads\/2024\/07\/MS-DOS_5.00.409_Beta-e1721124243824-18x4.png 18w\" sizes=\"auto, (max-width: 720px) 100vw, 720px\" \/><\/figure>\n\n\n\n<p>J&rsquo;ai utilis\u00e9 diff\u00e9rentes versions de Windows, de Windows 3.11 \u00e0 aujourd\u2019hui, sur Windows 11.<br>Ainsi que toutes les versions de JAWS.<\/p>\n\n\n\n<p>Chaque nouvelle it\u00e9ration apportant son lot de fonctionnalit\u00e9s et d&rsquo;am\u00e9liorations.<\/p>\n\n\n\n<p class=\"ice-block is-chapo\">L\u2019av\u00e8nement d&rsquo;Internet dans les ann\u00e9es 1994-1995 a transform\u00e9 ma relation avec la technologie. D&rsquo;un coup, le monde entier \u00e9tait accessible depuis mon ordinateur, ouvrant ainsi un univers de connaissances, de divertissements et de possibilit\u00e9s.<\/p>\n\n\n\n<p>Aujourd\u2019hui, <strong>j\u2019utilise le web pour beaucoup de choses<\/strong>.<br>Comme tout le monde.<\/p>\n\n\n\n<p>Par exemple pour aller sur&nbsp;:<\/p>\n\n\n\n<ul class=\"wp-block-list\">\n<li>Des sites marchands<\/li>\n\n\n\n<li>Faire ma d\u00e9claration d\u2019imp\u00f4t<\/li>\n\n\n\n<li>Consulter et effectuer des virements bancaires<\/li>\n\n\n\n<li>Consulter les horaires des transports en commun<\/li>\n\n\n\n<li>Etc.<\/li>\n<\/ul>\n\n\n\n<p>L\u2019utilisation du num\u00e9rique <strong>permet aux personnes aveugles de ne plus \u00eatre prises en charge<\/strong> de A \u00e0 Z et d&rsquo;\u00eatre relativement autonomes.<\/p>\n\n\n\n<p>Par exemple, je suis autoentrepreneur et j\u2019utilise une application de gestion qui est accessible et que j\u2019affectionne. Elle s\u2019appelle <a href=\"https:\/\/apps.apple.com\/fr\/app\/gestion-micro-entrepreneur\/id1485235074\">Gestion ME<\/a>, cette application est disponible sur Mac et iPhone.<\/p>\n\n\n\n<h2 class=\"wp-block-heading\">Quels sont les d\u00e9fis de l&rsquo;accessibilit\u00e9 num\u00e9rique ?<\/h2>\n\n\n\n<p>L&rsquo;accessibilit\u00e9 num\u00e9rique reste un domaine en constante \u00e9volution, mais des d\u00e9fis persistants demeurent et \u00e9voluent trop lentement.<\/p>\n\n\n\n<p>L\u2019accessibilit\u00e9, ce n\u2019est pas seulement le web. <br>C\u2019est aussi l\u2019accessibilit\u00e9 au quotidien.<\/p>\n\n\n\n<p>Par exemple, les <strong>distributeurs automatiques (tel qu\u2019un distributeur de billets de banque ou de transport) ainsi que les \u00e9crans tactiles et les appareils connect\u00e9s<\/strong> posent encore de s\u00e9rieux probl\u00e8mes d&rsquo;utilisation pour les personnes aveugles.<\/p>\n\n\n<div class=\"wp-block-image\">\n<figure class=\"aligncenter is-resized\"><img loading=\"lazy\" decoding=\"async\" width=\"1024\" height=\"683\" src=\"https:\/\/ideance.net\/blog\/wp-content\/uploads\/2024\/07\/young-woman-using-home-technology-1024x683.jpg\" alt=\"\" class=\"wp-image-2374\" style=\"width:635px;height:auto\" srcset=\"https:\/\/ideance.net\/blog\/wp-content\/uploads\/2024\/07\/young-woman-using-home-technology-1024x683.jpg 1024w, https:\/\/ideance.net\/blog\/wp-content\/uploads\/2024\/07\/young-woman-using-home-technology-300x200.jpg 300w, https:\/\/ideance.net\/blog\/wp-content\/uploads\/2024\/07\/young-woman-using-home-technology-768x512.jpg 768w, https:\/\/ideance.net\/blog\/wp-content\/uploads\/2024\/07\/young-woman-using-home-technology-1536x1024.jpg 1536w, https:\/\/ideance.net\/blog\/wp-content\/uploads\/2024\/07\/young-woman-using-home-technology-2048x1365.jpg 2048w, https:\/\/ideance.net\/blog\/wp-content\/uploads\/2024\/07\/young-woman-using-home-technology-18x12.jpg 18w\" sizes=\"auto, (max-width: 1024px) 100vw, 1024px\" \/><\/figure>\n<\/div>\n\n\n<p><strong>Les modifications fr\u00e9quentes des interfaces<\/strong> sont \u00e9galement une source de frustration. <br>Chaque changement impose un r\u00e9apprentissage, ce qui peut \u00eatre contraignant et \u00e9puisant.<br>Bien que cela puisse parfois am\u00e9liorer l&rsquo;accessibilit\u00e9, cela peut aussi alt\u00e9rer la structure famili\u00e8re d\u2019un site ou d\u2019une application.<\/p>\n\n\n\n<p>Il faut aussi dire que g\u00e9n\u00e9ralement <strong>les lecteurs d\u2019\u00e9cran ont un petit peu de retard<\/strong> sur les technologies employ\u00e9es, ce qui fait que nous ne sommes jamais totalement en phase avec les nouvelles technologies malgr\u00e9 la mise \u00e0 jour de ces aides techniques.<\/p>\n\n\n\n<p>Je trouve qu\u2019aujourd\u2019hui, il faut \u00eatre sacr\u00e9ment expert et patient pour pouvoir correctement acc\u00e9der \u00e0 l\u2019information web. <br>Il faut garder en t\u00eate que le premier souhait d\u2019une personne est que cela fonctionne. <br><strong>Nous ne pouvons pas imposer aux personnes utilisant un lecteurs d\u2019\u00e9cran de devoir \u00eatre sp\u00e9cialistes en informatique<\/strong> pour acc\u00e9der \u00e0 un site web ou une application.<\/p>\n\n\n\n<p>Il faut savoir qu\u2019en fonction des navigateurs web et en fonction des lecteurs d\u2019\u00e9cran,&nbsp;les pages web seront interpr\u00e9t\u00e9es diff\u00e9remment.<\/p>\n\n\n\n<p>En cas de difficult\u00e9s dans la lecture d\u2019une page web, il faut pratiquement avoir JAWS et NVDA utilis\u00e9s avec Edge, Chrome et Firefox afin d\u2019effectuer des tests pour voir quelle combinaison produit les meilleurs r\u00e9sultats et pour s\u2019assurer d\u2019acc\u00e9der \u00e0 toutes les informations.<br><strong>Ce n\u2019est pas normal.<\/strong><\/p>\n\n\n\n<p class=\"ice-block is-chapo\">Il est essentiel de promouvoir une accessibilit\u00e9 universelle qui ne n\u00e9cessite pas d&rsquo;expertise informatique.<br>L&rsquo;accessibilit\u00e9 doit \u00eatre int\u00e9gr\u00e9e dans divers contextes quotidiens, bien au-del\u00e0 du simple cadre du web.<\/p>\n\n\n\n<h2 class=\"wp-block-heading\">Quelles sont vos pr\u00e9f\u00e9rences d\u2019utilisation ?<\/h2>\n\n\n\n<p>Je tends \u00e0 <strong>pr\u00e9f\u00e9rer les applications mobiles<\/strong> en raison de leur l\u00e9g\u00e8ret\u00e9 et de leurs interfaces sobres lorsque celles-ci sont bien con\u00e7ues.<\/p>\n\n\n\n<p>Les interfaces complexes de certaines applications me d\u00e9\u00e7oivent \u00e9norm\u00e9ment.<br>M\u00eame si je comprends les motifs de conception, <strong>ce que j&rsquo;attends avant tout, c&rsquo;est que l\u2019interface soit accessible et utilisable<\/strong>.<\/p>\n\n\n\n<p>Les interfaces mal con\u00e7ues peuvent causer des difficult\u00e9s, m\u00eame pour une personne exp\u00e9riment\u00e9e comme moi.<\/p>\n\n\n\n<p><strong>La simplicit\u00e9 et la fonctionnalit\u00e9 sont essentielles<\/strong> pour que je puisse utiliser les outils num\u00e9riques de mani\u00e8re optimale.<\/p>\n\n\n\n<h2 class=\"wp-block-heading\">Comment naviguez-vous sur le web&nbsp;?<\/h2>\n\n\n\n<p>J&rsquo;utilise diff\u00e9rentes m\u00e9thodes de navigation en fonction du contexte.<\/p>\n\n\n\n<ul class=\"wp-block-list\">\n<li><strong>Sur les sites que je <\/strong><strong>connais&nbsp;:<\/strong> je navigue d&rsquo;en-t\u00eate en en-t\u00eate pour trouver rapidement l&rsquo;information recherch\u00e9e.<\/li>\n\n\n\n<li><strong>Sur les sites que je ne connais pas bien<\/strong>&nbsp;: j&rsquo;explore la page dans son ensemble pour comprendre sa structure et ses composants.<\/li>\n<\/ul>\n\n\n\n<p>Je n&rsquo;utilise pas sp\u00e9cialement les r\u00e9gions d&rsquo;une page web (en-t\u00eate, zone de contenu principale, zones compl\u00e9mentaires, etc.).<\/p>\n\n\n\n<p>Je pr\u00e9f\u00e8re utiliser des \u00e9l\u00e9ments comme&nbsp;:<\/p>\n\n\n\n<ul class=\"wp-block-list\">\n<li>les titres<\/li>\n\n\n\n<li>les listes<\/li>\n\n\n\n<li>les zones d&rsquo;\u00e9dition<\/li>\n\n\n\n<li>les cases \u00e0 cocher<\/li>\n\n\n\n<li>les boutons radio<\/li>\n\n\n\n<li>les cadres<\/li>\n\n\n\n<li>les tableaux<\/li>\n\n\n\n<li>etc.<\/li>\n<\/ul>\n\n\n\n<p class=\"ice-block is-chapo is-red\">Attention, ceci n\u2019est qu\u2019une habitude de travail qui m&rsquo;est personnelle.<br>Chaque personne peut avoir des habitudes de navigation diff\u00e9rentes.<\/p>\n\n\n\n<p>J&rsquo;appr\u00e9cie lorsque les titres de section suivent une hi\u00e9rarchie logique.<br>Cela rend ainsi plus simple la compr\u00e9hension de la structure de la page.<\/p>\n\n\n\n<p>Je n\u2019appr\u00e9cie pas&nbsp;:<\/p>\n\n\n\n<ul class=\"wp-block-list\">\n<li>une disposition anarchique des titres, avec des niveaux qui sautent, car cela rend la navigation plus complexe<\/li>\n\n\n\n<li>l&rsquo;utilisation de titres liens sans contenu r\u00e9el et les balises <code>&lt;h<em>n<\/em>&gt;<\/code> pour leur mise en forme visuelle sont particuli\u00e8rement irritants<\/li>\n\n\n\n<li>Les listes d&rsquo;autosuggestions posent \u00e9galement des probl\u00e8mes d&rsquo;accessibilit\u00e9<\/li>\n<\/ul>\n\n\n\n<h2 class=\"wp-block-heading\">La formation au lecteur d\u2019\u00e9cran est-elle importante ?<\/h2>\n\n\n\n<p>Oui, elle est tr\u00e8s importante.<\/p>\n\n\n\n<p>Mon exp\u00e9rience en tant que professeur et formateur m\u2019ont permis de constater que la formation au lecteur d&rsquo;\u00e9cran est cruciale.<\/p>\n\n\n\n<p>Il est n\u00e9cessaire de pr\u00e9voir, \u00e0 raison d\u2019une heure par semaine, 6 \u00e0 7 mois de formation bureautique en moyenne pour \u00eatre \u00e0 l\u2019aise sur internet.<\/p>\n\n\n\n<p>Il est \u00e9galement important de se former \u00e0 l\u2019utilisation du smartphone avec un lecteur d\u2019\u00e9cran, car il existe une gestuelle sp\u00e9cifique pour acc\u00e9der \u00e0 l\u2019information plus facilement gr\u00e2ce \u00e0 des commandes particuli\u00e8res.<\/p>\n\n\n\n<p>Il est important de garder en t\u00eate que <strong>les profils des utilisateurs et utilisatrices sont tr\u00e8s vari\u00e9s<\/strong>.<br>Notamment en fonction :<\/p>\n\n\n\n<ul class=\"wp-block-list\">\n<li><strong>Du v\u00e9cu.<\/strong><br>Par exemple, ces personnes ont-elles \u00e9t\u00e9 aveugles de naissance ou le sont-elles devenues au cours de leur vie ?<\/li>\n\n\n\n<li><strong>Des capacit\u00e9s de repr\u00e9sentation spatiale, d&rsquo;abstraction et de raisonnement logique.<\/strong><br>Par exemple, l&rsquo;interface de Windows XP \u00e9tait plus simple que celle de Windows 11 car elle \u00e9tait \u00e9pur\u00e9e. Aujourd\u2019hui, en raison de sa complexit\u00e9, des capacit\u00e9s particuli\u00e8res sont requises pour les personnes utilisant des lecteurs d\u2019\u00e9cran.<\/li>\n\n\n\n<li><strong>Des capacit\u00e9s de m\u00e9morisation.<\/strong><br>Par exemple, pour retenir la gestuelle des commandes sur smartphone et les nombreux raccourcis des lecteurs d\u2019\u00e9crans.<\/li>\n<\/ul>\n\n\n\n<p class=\"ice-block is-chapo\">Il ne faut pas confondre un utilisateur expert en informatique avec un utilisateur typique.<\/p>\n\n\n\n<h2 class=\"wp-block-heading\">Quelle est l&rsquo;importance du braille pour vous ?<\/h2>\n\n\n<div class=\"wp-block-image\">\n<figure class=\"aligncenter is-resized\"><img loading=\"lazy\" decoding=\"async\" width=\"1024\" height=\"683\" src=\"https:\/\/ideance.net\/blog\/wp-content\/uploads\/2024\/07\/iStock-536674166-1024x683.jpg\" alt=\"\" class=\"wp-image-2386\" style=\"width:654px;height:auto\" srcset=\"https:\/\/ideance.net\/blog\/wp-content\/uploads\/2024\/07\/iStock-536674166-1024x683.jpg 1024w, https:\/\/ideance.net\/blog\/wp-content\/uploads\/2024\/07\/iStock-536674166-300x200.jpg 300w, https:\/\/ideance.net\/blog\/wp-content\/uploads\/2024\/07\/iStock-536674166-768x512.jpg 768w, https:\/\/ideance.net\/blog\/wp-content\/uploads\/2024\/07\/iStock-536674166-1536x1024.jpg 1536w, https:\/\/ideance.net\/blog\/wp-content\/uploads\/2024\/07\/iStock-536674166-2048x1365.jpg 2048w, https:\/\/ideance.net\/blog\/wp-content\/uploads\/2024\/07\/iStock-536674166-18x12.jpg 18w\" sizes=\"auto, (max-width: 1024px) 100vw, 1024px\" \/><\/figure>\n<\/div>\n\n\n<p>Je pratique activement le braille et je le <strong>consid\u00e8re comme essentiel.<\/strong><\/p>\n\n\n\n<p>Je suis inquiet face \u00e0 la diminution de son importance dans les instituts, due aux politiques \u00e9ducatives actuelles qui favorisent l&rsquo;oralit\u00e9 au d\u00e9triment du braille.<\/p>\n\n\n\n<p>Pour moi, la synth\u00e8se vocale seule ne suffit pas.<\/p>\n\n\n\n<p>Le braille est essentiel pour <strong>des lectures n\u00e9cessitant une concentration profonde<\/strong>.<\/p>\n\n\n\n<p class=\"ice-block is-chapo\">Pourquoi limiter une personne d\u00e9ficiente visuelle \u00e0 l\u2019oralit\u00e9 ?<\/p>\n\n\n\n<h2 class=\"wp-block-heading\">Quelles sont vos r\u00e9flexions sur les termes \u00ab\u00a0handicap\u00a0\u00bb et \u00ab\u00a0en situation de handicap\u00a0\u00bb ?<\/h2>\n\n\n\n<p>Je r\u00e9fl\u00e9chis souvent aux termes utilis\u00e9s pour d\u00e9crire les personnes aveugles.<br>L&rsquo;utilisation de termes comme \u00ab\u00a0en situation de handicap\u00a0\u00bb me laisse perplexe.<\/p>\n\n\n\n<p>Il est important de <strong>reconna\u00eetre la diff\u00e9rence et d&rsquo;accepter le terme \u00ab\u00a0handicap\u00a0\u00bb<\/strong> sans le consid\u00e9rer comme n\u00e9gatif.<\/p>\n\n\n\n<p>Certains individus pensent encore que les personnes aveugles ne peuvent pas&nbsp;:<\/p>\n\n\n\n<ul class=\"wp-block-list\">\n<li>travailler<\/li>\n\n\n\n<li>sortir seules <\/li>\n\n\n\n<li>lire ou \u00e9crire<\/li>\n<\/ul>\n\n\n\n<p>Il y a un v\u00e9ritable <strong>probl\u00e8me culturel dans la soci\u00e9t\u00e9 en mati\u00e8re de perception du handicap<\/strong>.<\/p>\n\n\n\n<p>Il est crucial de changer ces perceptions pour am\u00e9liorer l&rsquo;inclusion et l&rsquo;acceptation.<\/p>\n\n\n\n<h2 class=\"wp-block-heading\">Votre conclusion ?<\/h2>\n\n\n\n<p>En tant que personne aveugle, le num\u00e9rique montre \u00e0 quel point <strong>les d\u00e9fis et les opportunit\u00e9s peuvent \u00eatre nombreux.<\/strong><\/p>\n\n\n\n<p>J&rsquo;esp\u00e8re que mon t\u00e9moignage souligne l&rsquo;importance de l&rsquo;accessibilit\u00e9 num\u00e9rique et l&rsquo;impact positif qu&rsquo;elle peut avoir sur nos vies.<\/p>\n\n\n\n<p>Bien que des progr\u00e8s notables vers une plus grande autonomie soient reconnus, les difficult\u00e9s sont persistantes. L&rsquo;accessibilit\u00e9 num\u00e9rique doit rester une priorit\u00e9 pour garantir une v\u00e9ritable inclusion.<\/p>\n\n\n\n<p class=\"ice-block is-chapo\">Nous devons continuer \u00e0 \u0153uvrer pour un monde num\u00e9rique plus inclusif, o\u00f9 chacune et chacun peut participer pleinement et sereinement.<\/p>\n","protected":false},"excerpt":{"rendered":"<p>Ce t\u00e9moignage a pour but de sensibiliser \u00e0 l\u2019accessibilit\u00e9 num\u00e9rique, gr\u00e2ce \u00e0 un retour d&rsquo;exp\u00e9rience d\u2019une personne aveugle.<\/p>\n","protected":false},"author":6,"featured_media":2392,"comment_status":"open","ping_status":"open","sticky":false,"template":"","format":"standard","meta":{"_acf_changed":false,"footnotes":""},"categories":[12,16,17],"tags":[],"class_list":["post-2341","post","type-post","status-publish","format-standard","has-post-thumbnail","hentry","category-sensibilisation","category-technologie-dassistance","category-temoignage"],"acf":[],"_links":{"self":[{"href":"https:\/\/ideance.net\/blog\/wp-json\/wp\/v2\/posts\/2341","targetHints":{"allow":["GET"]}}],"collection":[{"href":"https:\/\/ideance.net\/blog\/wp-json\/wp\/v2\/posts"}],"about":[{"href":"https:\/\/ideance.net\/blog\/wp-json\/wp\/v2\/types\/post"}],"author":[{"embeddable":true,"href":"https:\/\/ideance.net\/blog\/wp-json\/wp\/v2\/users\/6"}],"replies":[{"embeddable":true,"href":"https:\/\/ideance.net\/blog\/wp-json\/wp\/v2\/comments?post=2341"}],"version-history":[{"count":92,"href":"https:\/\/ideance.net\/blog\/wp-json\/wp\/v2\/posts\/2341\/revisions"}],"predecessor-version":[{"id":4340,"href":"https:\/\/ideance.net\/blog\/wp-json\/wp\/v2\/posts\/2341\/revisions\/4340"}],"wp:featuredmedia":[{"embeddable":true,"href":"https:\/\/ideance.net\/blog\/wp-json\/wp\/v2\/media\/2392"}],"wp:attachment":[{"href":"https:\/\/ideance.net\/blog\/wp-json\/wp\/v2\/media?parent=2341"}],"wp:term":[{"taxonomy":"category","embeddable":true,"href":"https:\/\/ideance.net\/blog\/wp-json\/wp\/v2\/categories?post=2341"},{"taxonomy":"post_tag","embeddable":true,"href":"https:\/\/ideance.net\/blog\/wp-json\/wp\/v2\/tags?post=2341"}],"curies":[{"name":"wp","href":"https:\/\/api.w.org\/{rel}","templated":true}]}}