{"id":252,"date":"2023-01-19T16:09:34","date_gmt":"2023-01-19T15:09:34","guid":{"rendered":"https:\/\/ideance.net\/blog\/?p=252"},"modified":"2023-01-19T16:12:12","modified_gmt":"2023-01-19T15:12:12","slug":"delegue-interministeriel-accessibilite","status":"publish","type":"post","link":"https:\/\/ideance.net\/blog\/252\/delegue-interministeriel-accessibilite\/","title":{"rendered":"Nomination d&rsquo;une d\u00e9l\u00e9gu\u00e9e interminist\u00e9rielle \u00e0 l\u2019accessibilit\u00e9"},"content":{"rendered":"<p>Le <a href=\"https:\/\/handicap.gouv.fr\/accueil\">Minist\u00e8re des solidarit\u00e9s, de l&rsquo;autonomie et des personnes handicap\u00e9es<\/a> vient d&rsquo;annoncer, ce 18 janvier 2023, la nomination d&rsquo;<a href=\"https:\/\/www.linkedin.com\/in\/isabelle-saurat\/\">Isabelle Saurat<\/a> <span class=\"break-words\"><span dir=\"ltr\">au poste de <strong>d\u00e9l\u00e9gu\u00e9e interminist\u00e9rielle \u00e0 l&rsquo;accessibilit\u00e9<\/strong>. <\/span><\/span><\/p>\n<p><span class=\"break-words\"><span dir=\"ltr\">Cette nomination fait suite au <a href=\"https:\/\/www.legifrance.gouv.fr\/jorf\/id\/JORFTEXT000046751691\">d\u00e9cret n\u00b02022-1578 du 16 d\u00e9cembre 2022<\/a> instituant ce poste.<br \/>\nSes missions consistent \u00e0 coordonner, \u00e0 promouvoir et \u00e0 suivre la mise en \u0153uvre et l&rsquo;\u00e9valuation des actions prescrites par l&rsquo;ensemble des minist\u00e8res en mati\u00e8re d&rsquo;accessibilit\u00e9 physique et num\u00e9rique. Il s&rsquo;agit \u00e9galement de promouvoir cette action aupr\u00e8s des collectivit\u00e9s territoriales.<\/span><\/span><\/p>\n<p><span class=\"break-words\"><span dir=\"ltr\">Lors de cette nomination, parmi les priorit\u00e9s pr\u00e9sent\u00e9es figure le <strong>suivi des obligations d&rsquo;accessibilit\u00e9 num\u00e9rique des organismes publics et priv\u00e9s<\/strong>.<\/span><\/span><\/p>\n<p><span class=\"break-words\"><span dir=\"ltr\">Nous esp\u00e9rons que la cr\u00e9ation de cette fonction et cette nomination permettront de faire le point sur la prise en compte de l&rsquo;accessibilit\u00e9 num\u00e9rique en France, d&rsquo;identifier les difficult\u00e9s rencontr\u00e9es, d\u2019acc\u00e9l\u00e9rer fortement la prise en compte du sujet et de doter l&rsquo;\u00c9tat fran\u00e7ais de r\u00e9els moyens pour atteindre les objectifs fix\u00e9s de longue date. <\/span><\/span><\/p>\n<p><span class=\"break-words\"><span dir=\"ltr\">En qualit\u00e9 de sp\u00e9cialistes de l&rsquo;accessibilit\u00e9 num\u00e9rique, nous nous tenons \u00e0 disposition de Mme Isabelle Saurat pour faire le point sur le sujet, partager nos exp\u00e9riences et transmettre nos propositions.<\/span><\/span><\/p>\n<p>Consulter le <a href=\"https:\/\/eye.diffusion.social.gouv.fr\/m2?r=wAXNBK-4NWE1ODczZWRiODViNTMwZGE4NGQyM2Y3xBAa0JI6JE5KS9Cw0K5w0Ipv0Ir4LdCNuDYzMzE4Y2Q2ZjdhNTY4NGFmN2MyMzgzY7VERUNPTVBJRUdORUBPbmlzZXAuZnKg3AAetjBOc3YxZzM3U21HLTM1NzRkR0ZYMlGgtjMydDBhbFRPU2htejBya0REQWZxbEGgtjZPQmREWmFfUmdHUXAwU242THVLNUGgtjZhQVg5dldYVEdtQlNRTG80TU1lZWegtjdFY1RkN3k4U0otZGFHV1FTWm4waUGgtjdfUVhYTjBMUXVtbWZwZGZma1JEcVGgtjk4OERfdUtrUnNlUDZnWjJFQzkxUXegtjlSM0xmRFA1Umo2WG1MMmN0ZHdwTVGgtkFQU0hDRGctVFlDWXJzZ1NQYmFSZWegqkNPTlRBQ1RfSUS2eERMdENEcUxRSDJ6dzRXNUh0RndsQbZEOGg0ZUhnTFFzNlJ1UzlLalFVMlVnp0xFR0FVTFSzRU1BSUxfQ09SUkVDVElPTl9JRKC2RzdtQmMxWHJSdlNlNnJhZ1pMSXZOd6C2SGN5WWg2N3BSaHlVTWZBcTQ3SEhOUaC2SUR4NmZEczJRbUtGVVlna2NESXd3d6ZPTklTRVC2SW0xTVhORzhUSW13alcyWTZkSF9uUaC2S0x0ODVPdERUN20yNHU4VDFzcnFMUaC2TU15bUtMSXlRX3VCQXlUT0FMY016Z9kjUmVzcG9uc2FibGUgZGUgbGEgbWlzc2lvbiBpbmNsdXNpb262TVRZM05GSGZSOHl1MklzZlFXVWxNZ6CxT1JJR0lOX0NBUFRJT05fSUS6T3DDqXJhdGV1cnMgZXQgbWluaXN0w6hyZXOuT1JJR0lOX0tJTkRfSUSkTElTVLZPWWItQkMteFNYVzVJOWFqSFdYT0JRoLNQSE9ORV9DT1JSRUNUSU9OX0lEoLZQSXJkSU9xb1JtR3pwYWR4Nnp2emxRoLZQUXRCNkdheVJKbXhabFIyRE9STE1RoLZQb3BuRnpod1FOU0ExdTJkMk5LMlVRoLZROE1kMDhIYlNIQzJlZE5iSy10UmpBoLZRZHZYT2hvV1FwR3NKWU1pMnFkSGV3oLZSdEJYeE9iZVRqZVBYMHZVQTlGX3l3oKhTVEFURV9JRKZOT1JNQUy2WU05MnVucXFTckd0VGJHcjQ0dlVqZ6A=\">communiqu\u00e9 de presse du 18 janvier 2023 annon\u00e7ant la nomination de Mme Isabelle Saurat<\/a>.<\/p>\n","protected":false},"excerpt":{"rendered":"<p>Le Minist\u00e8re des solidarit\u00e9s, de l&rsquo;autonomie et des personnes handicap\u00e9es vient d&rsquo;annoncer, ce 18 janvier 2023, la nomination d&rsquo;Isabelle Saurat au poste de d\u00e9l\u00e9gu\u00e9e interminist\u00e9rielle \u00e0 l&rsquo;accessibilit\u00e9. Cette nomination fait suite au d\u00e9cret n\u00b02022-1578 du 16 d\u00e9cembre 2022 instituant ce poste. Ses missions consistent \u00e0 coordonner, \u00e0 promouvoir et \u00e0 suivre la mise en \u0153uvre&hellip;<\/p>\n","protected":false},"author":1,"featured_media":0,"comment_status":"open","ping_status":"open","sticky":false,"template":"","format":"standard","meta":{"_acf_changed":false,"footnotes":""},"categories":[11],"tags":[],"class_list":["post-252","post","type-post","status-publish","format-standard","hentry","category-legislation"],"acf":[],"_links":{"self":[{"href":"https:\/\/ideance.net\/blog\/wp-json\/wp\/v2\/posts\/252","targetHints":{"allow":["GET"]}}],"collection":[{"href":"https:\/\/ideance.net\/blog\/wp-json\/wp\/v2\/posts"}],"about":[{"href":"https:\/\/ideance.net\/blog\/wp-json\/wp\/v2\/types\/post"}],"author":[{"embeddable":true,"href":"https:\/\/ideance.net\/blog\/wp-json\/wp\/v2\/users\/1"}],"replies":[{"embeddable":true,"href":"https:\/\/ideance.net\/blog\/wp-json\/wp\/v2\/comments?post=252"}],"version-history":[{"count":3,"href":"https:\/\/ideance.net\/blog\/wp-json\/wp\/v2\/posts\/252\/revisions"}],"predecessor-version":[{"id":255,"href":"https:\/\/ideance.net\/blog\/wp-json\/wp\/v2\/posts\/252\/revisions\/255"}],"wp:attachment":[{"href":"https:\/\/ideance.net\/blog\/wp-json\/wp\/v2\/media?parent=252"}],"wp:term":[{"taxonomy":"category","embeddable":true,"href":"https:\/\/ideance.net\/blog\/wp-json\/wp\/v2\/categories?post=252"},{"taxonomy":"post_tag","embeddable":true,"href":"https:\/\/ideance.net\/blog\/wp-json\/wp\/v2\/tags?post=252"}],"curies":[{"name":"wp","href":"https:\/\/api.w.org\/{rel}","templated":true}]}}