{"id":3774,"date":"2025-05-15T11:23:40","date_gmt":"2025-05-15T09:23:40","guid":{"rendered":"https:\/\/ideance.net\/blog\/?p=3774"},"modified":"2025-07-31T11:35:39","modified_gmt":"2025-07-31T09:35:39","slug":"le-numerique-et-toi-bleuet-atypique","status":"publish","type":"post","link":"https:\/\/ideance.net\/blog\/3774\/le-numerique-et-toi-bleuet-atypique\/","title":{"rendered":"Le num\u00e9rique et toi, focus sur l&rsquo;autisme avec Bleuet Atypique"},"content":{"rendered":"\n<p class=\"ice-block is-chapo\">Val\u00e9rie Jessica Laporte, connue sous le nom de <a href=\"https:\/\/bleuetatypique.com\/\">Bleuet Atypique<\/a> sur les r\u00e9seaux sociaux, partage avec nous son rapport au num\u00e9rique ainsi que les difficult\u00e9s qu\u2019elle peut parfois rencontrer en tant que personne autiste.<\/p>\n\n\n\n<h2 class=\"wp-block-heading\" id=\"ice-post-title-0\">Vid\u00e9o du t\u00e9moignage<\/h2>\n\n\n\n<p>La vid\u00e9o ci-apr\u00e8s est sous-titr\u00e9e et traduite en Langue des Signes fran\u00e7aise (LSF).<\/p>\n\n\n\n<figure class=\"wp-block-embed is-type-video is-provider-youtube wp-block-embed-youtube wp-embed-aspect-16-9 wp-has-aspect-ratio\"><div class=\"wp-block-embed__wrapper\">\n<iframe title=\"Le num\u00e9rique et toi, focus sur l'autisme avec Bleuet Atypique (lecteur vid\u00e9o YouTube)\" style=\"border: none;\" src=\"https:\/\/www.youtube.com\/embed\/jvmnBq3BTpU?si=0yqUVn4mcIGlkE-F\" allowfullscreen=\"allowfullscreen\"><\/iframe><\/div><\/figure>\n\n\n\n<h3 class=\"wp-block-heading\">Transcription de la vid\u00e9o<\/h3>\n\n\n\n<p>Bonjour je m&rsquo;appelle Val\u00e9rie Jessica Laporte.<\/p>\n\n\n\n<p>J&rsquo;ai un diagnostic d&rsquo;autisme et sur les r\u00e9seaux sociaux j&rsquo;aime beaucoup en parler, expliquer, d\u00e9dramatiser et souvent en rire.<\/p>\n\n\n\n<p>Je suis n\u00e9e en 1977 et quant \u00e0 l&rsquo;adolescence ils ont commenc\u00e9\u00a0\u00e0 parler qu&rsquo;\u00e9ventuellement il y aurait internet, ils appelaient \u00e7a l&rsquo;autoroute \u00e9lectronique. J&rsquo;\u00e9tais tellement excit\u00e9e \u00e0 cette id\u00e9e-l\u00e0 que lorsqu&rsquo;il y\u00a0\u00a0a eu un magazine dans ma province qui en a fait une page couverture. <br>J&rsquo;ai dormi avec le magazine pendant des mois sous mon oreiller.<\/p>\n\n\n\n<p>Pour moi,\u00a0internet c&rsquo;est vraiment une porte d&rsquo;entr\u00e9e\u00a0vers tellement de renseignements importants.<\/p>\n\n\n\n<p>Quand\u00a0j&rsquo;ai eu mon diagnostic d&rsquo;autisme, j&rsquo;ai premi\u00e8rement lu des blogs de femmes qui avaient le m\u00eame diagnostic que moi et enfin je me reconnaissais chez d&rsquo;autres personnes. J&rsquo;ai commenc\u00e9 \u00e0 pouvoir partager sur cette diff\u00e9rence l\u00e0 et c&rsquo;\u00e9tait fou de me rendre compte que, attends, on est plein de personnes pareilles ! Pas n\u00e9cessairement pareilles mais plein de personnes qui partageaient des choses que je n&rsquo;avais jamais pu partager avec qui que ce\u00a0soit.<\/p>\n\n\n\n<p>D&rsquo;avoir des gens qui me r\u00e9pondent avec qui je peux \u00e9changer, d&rsquo;avoir peut-\u00eatre des indices d&rsquo;astuces qui s&rsquo;appliquent r\u00e9ellement \u00e0 moi et \u00e0 mon fonctionnement, c&rsquo;\u00e9tait magique.<\/p>\n\n\n\n<p>Internet c&rsquo;est important, l&rsquo;acc\u00e8s \u00e0 l&rsquo;information c&rsquo;est important, parce que \u00e7a rapproche les personnes d&rsquo;un m\u00eame point de d\u00e9part au niveau de l&rsquo;information. Je m&rsquo;explique si tu n&rsquo;as pas acc\u00e8s \u00e0 de l&rsquo;information et que quelqu&rsquo;un d&rsquo;autre a acc\u00e8s \u00e0 de l&rsquo;information, tu as plus de risques de vivre peut-\u00eatre de la violence sans t&rsquo;en rendre compte, tu as plus de risques de ne pas conna\u00eetre les possibilit\u00e9s, tu as plus de risques de ne pas conna\u00eetre tes droits et quand tu sais ce qui se passe\u00a0ailleurs tu peux mieux \u00eatre conscient de ce qui se passe chez toi.<\/p>\n\n\n\n<p>Parfois je rencontre quand m\u00eame des difficult\u00e9s sur le web ce n&rsquo;est pas toujours adapt\u00e9 \u00e0 chacun.<\/p>\n\n\n\n<p>Une de mes difficult\u00e9s principales c&rsquo;est lorsqu&rsquo;il y a vraiment trop d&rsquo;\u00e9l\u00e9ments sur les pages et pas assez d&rsquo;espace entre eux. C&rsquo;est comme\u00a0si j&rsquo;\u00e9tais surcharg\u00e9e de beaucoup beaucoup trop de choses \u00e0 la fois et je trouve \u00e7a compl\u00e8tement\u00a0paniquant. \u00c0 ce moment-l\u00e0, je sors et j&rsquo;ai de la difficult\u00e9 \u00e0 aller chercher l&rsquo;information que je\u00a0veux.<\/p>\n\n\n\n<p>Je d\u00e9teste aussi les impr\u00e9vus tr\u00e8s intenses, comme lorsque je suis vraiment concentr\u00e9e \u00e0 aller chercher des renseignements importants et que tout \u00e0 coup une grosse publicit\u00e9 intense prend toute la place et m&#8217;emp\u00eache de voir ce que j&rsquo;\u00e9tais en train de regarder.<\/p>\n\n\n\n<p>Et il y a les&nbsp;formulaires souvent qui ont plein trop d&rsquo;\u00e9l\u00e9ments partout pour m&rsquo;envahir et dans ce temps-l\u00e0 je les&nbsp;reconstruis.<\/p>\n\n\n\n<p>J&rsquo;en ai d&rsquo;ailleurs fait un m\u00e9tier que j&rsquo;ai pratiqu\u00e9 durant 25 ans !<\/p>\n\n\n\n<p>Merci beaucoup.<\/p>\n\n\n\n<h3 class=\"wp-block-heading\">Informations compl\u00e9mentaires<\/h3>\n\n\n\n<p>Retrouvez Bleuet Atypique :<\/p>\n\n\n\n<ul class=\"wp-block-list\">\n<li><a href=\"https:\/\/bleuetatypique.com\">Site officiel<\/a><\/li>\n\n\n\n<li><a href=\"https:\/\/www.youtube.com\/c\/Bleuetatypique\">Youtube<\/a><\/li>\n\n\n\n<li><a href=\"https:\/\/www.tiktok.com\/@bleuetatypique\">TikTok<\/a><\/li>\n<\/ul>\n\n\n\n<p>Traduction en langue des Signes (LSF) : <a href=\"https:\/\/www.vicetversa.fr\/\">Vice &amp; Versa<\/a>.<\/p>\n","protected":false},"excerpt":{"rendered":"<p>Val\u00e9rie Jessica Laporte, connue sous le nom de Bleuet Atypique sur les r\u00e9seaux sociaux, partage avec nous son rapport au num\u00e9rique ainsi que les difficult\u00e9s qu\u2019elle peut parfois rencontrer en tant que personne autiste.<\/p>\n","protected":false},"author":6,"featured_media":3862,"comment_status":"open","ping_status":"open","sticky":false,"template":"","format":"standard","meta":{"_acf_changed":false,"footnotes":""},"categories":[25,12,17],"tags":[],"class_list":["post-3774","post","type-post","status-publish","format-standard","has-post-thumbnail","hentry","category-gaad","category-sensibilisation","category-temoignage"],"acf":[],"_links":{"self":[{"href":"https:\/\/ideance.net\/blog\/wp-json\/wp\/v2\/posts\/3774","targetHints":{"allow":["GET"]}}],"collection":[{"href":"https:\/\/ideance.net\/blog\/wp-json\/wp\/v2\/posts"}],"about":[{"href":"https:\/\/ideance.net\/blog\/wp-json\/wp\/v2\/types\/post"}],"author":[{"embeddable":true,"href":"https:\/\/ideance.net\/blog\/wp-json\/wp\/v2\/users\/6"}],"replies":[{"embeddable":true,"href":"https:\/\/ideance.net\/blog\/wp-json\/wp\/v2\/comments?post=3774"}],"version-history":[{"count":40,"href":"https:\/\/ideance.net\/blog\/wp-json\/wp\/v2\/posts\/3774\/revisions"}],"predecessor-version":[{"id":4330,"href":"https:\/\/ideance.net\/blog\/wp-json\/wp\/v2\/posts\/3774\/revisions\/4330"}],"wp:featuredmedia":[{"embeddable":true,"href":"https:\/\/ideance.net\/blog\/wp-json\/wp\/v2\/media\/3862"}],"wp:attachment":[{"href":"https:\/\/ideance.net\/blog\/wp-json\/wp\/v2\/media?parent=3774"}],"wp:term":[{"taxonomy":"category","embeddable":true,"href":"https:\/\/ideance.net\/blog\/wp-json\/wp\/v2\/categories?post=3774"},{"taxonomy":"post_tag","embeddable":true,"href":"https:\/\/ideance.net\/blog\/wp-json\/wp\/v2\/tags?post=3774"}],"curies":[{"name":"wp","href":"https:\/\/api.w.org\/{rel}","templated":true}]}}