{"id":17,"name":"Ingrid Lef\u00e8bvre","url":"https:\/\/ideance.net\/blog\/author\/ingrid-lefebvre","description":"Sp\u00e9cialis\u00e9e dans la prise en compte du handicap, l'am\u00e9nagement de poste, la formation, la sensibilisation depuis 25 ans.","link":"https:\/\/ideance.net\/blog\/author\/ingrid-lefebvre\/","slug":"ingrid-lefebvre","avatar_urls":{"24":"https:\/\/ideance.net\/blog\/wp-content\/uploads\/2024\/12\/vs_team-ingrid-150x150.jpg","48":"https:\/\/ideance.net\/blog\/wp-content\/uploads\/2024\/12\/vs_team-ingrid-150x150.jpg","96":"https:\/\/ideance.net\/blog\/wp-content\/uploads\/2024\/12\/vs_team-ingrid-150x150.jpg"},"meta":[],"acf":[],"_links":{"self":[{"href":"https:\/\/ideance.net\/blog\/wp-json\/wp\/v2\/users\/17","targetHints":{"allow":["GET"]}}],"collection":[{"href":"https:\/\/ideance.net\/blog\/wp-json\/wp\/v2\/users"}]}}